{"id":4013,"date":"2008-07-25T16:50:46","date_gmt":"2008-07-25T14:50:46","guid":{"rendered":"http:\/\/www.pasteris.it\/blog\/?p=4013"},"modified":"2008-07-25T16:53:48","modified_gmt":"2008-07-25T14:53:48","slug":"allegato-n-della-relativita-delle-cose","status":"publish","type":"post","link":"https:\/\/www.pasteris.it\/blog\/2008\/07\/25\/allegato-n-della-relativita-delle-cose\/","title":{"rendered":"Allegato N: della relativit\u00e0 delle cose"},"content":{"rendered":"<p><img loading=\"lazy\" decoding=\"async\" class=\"alignright\" title=\"staino\" src=\"http:\/\/www.unita.it\/vignette\/staino\/20070218.gif\" alt=\"\" width=\"250\" height=\"250\" \/>Per i non addetti ai lavori <a href=\"http:\/\/www.fnsi.it\/Contenuto\/Contratti\/ContrattoFiegFnsi2005\/Contratto_Fieg_Fnsi_2001_2005.htm\">l&#8217;allegato N <\/a>\u00e8 il documento dell&#8217;attuale contratto nazionale di categoria dei giornalisti, che regola sperimentalmente il lavoro delle redazioni elettroniche nei giornali.<\/p>\n<p>E&#8217; un documento interessante perch\u00e8 descrive in maniera compiuta e interessante le mansioni nei giornali online e descrive concretamente delle peculiarit\u00e0 delle redazioni digitali.<\/p>\n<p>In effetti nel concreto il contratto descritto \u00e8 stato poco utilizzato dato che i cdr hanno richiesto l&#8217;applicazione nelle redazioni digitali del contratto &#8220;standard&#8221;.<\/p>\n<p>Ora nei giorni della conclusione delle discussioni sul nuovo contratto di categoria si sta discutendo molto di multimedilit\u00e0 e delle redazioni digitali e si sta concludendo che l&#8217;allegato N \u00e8 sostanzialmente una forma di discriminazione di giornalisti verso giornalisti contro il principio base del contratto: &#8220;\u201ctutti i giornalismi hanno\u00a0 pari dignit\u00e0&#8221;. Un pensiero condivisibile a livello di principio, ma che fa pensare &#8230;<\/p>\n<p><!--more--><\/p>\n<p>Un esempio di pensiero: che cosa pensare dei giornalisti digitali che non hanno neppure potuto &#8220;accedere&#8221; al contratto secondo l&#8217;accezione dell&#8217;allegato N ? Che si tratti di giornalisti subumani o di iper sfruttati ? E che pensare del contesto in cui si sono rtrovati a lavorare ? Che faranno gli organi deposti in questi casi ?<\/p>\n<p>Il concetto base \u00e8: finch\u00e8 non si affronter\u00e0 veramente di petto il problema dell&#8217;abusivismo in certe redazioni e non si faranno pagare le responsabilit\u00e0 di chi ha visto e taciuto, sar\u00e0 sempre meglio un allegato N oggi di un esercito di abusivi domani &#8230;<\/p>\n","protected":false},"excerpt":{"rendered":"<p>Per i non addetti ai lavori l&#8217;allegato N \u00e8 il documento dell&#8217;attuale contratto nazionale di categoria dei giornalisti, che regola sperimentalmente il lavoro delle redazioni elettroniche nei giornali. E&#8217; un documento interessante perch\u00e8 descrive in maniera compiuta e interessante le mansioni nei giornali online e descrive concretamente delle peculiarit\u00e0 delle redazioni digitali. In effetti nel &#8230; <a title=\"Allegato N: della relativit\u00e0 delle cose\" class=\"read-more\" href=\"https:\/\/www.pasteris.it\/blog\/2008\/07\/25\/allegato-n-della-relativita-delle-cose\/\" aria-label=\"Per saperne di pi\u00f9 su Allegato N: della relativit\u00e0 delle cose\">Leggi tutto<\/a><\/p>\n","protected":false},"author":4,"featured_media":0,"comment_status":"open","ping_status":"open","sticky":false,"template":"","format":"standard","meta":{"footnotes":""},"categories":[],"tags":[140,159,161,426],"class_list":["post-4013","post","type-post","status-publish","format-standard","hentry","tag-fnsi","tag-giornali","tag-giornalisti","tag-lavoro"],"_links":{"self":[{"href":"https:\/\/www.pasteris.it\/blog\/wp-json\/wp\/v2\/posts\/4013","targetHints":{"allow":["GET"]}}],"collection":[{"href":"https:\/\/www.pasteris.it\/blog\/wp-json\/wp\/v2\/posts"}],"about":[{"href":"https:\/\/www.pasteris.it\/blog\/wp-json\/wp\/v2\/types\/post"}],"author":[{"embeddable":true,"href":"https:\/\/www.pasteris.it\/blog\/wp-json\/wp\/v2\/users\/4"}],"replies":[{"embeddable":true,"href":"https:\/\/www.pasteris.it\/blog\/wp-json\/wp\/v2\/comments?post=4013"}],"version-history":[{"count":4,"href":"https:\/\/www.pasteris.it\/blog\/wp-json\/wp\/v2\/posts\/4013\/revisions"}],"predecessor-version":[{"id":4217,"href":"https:\/\/www.pasteris.it\/blog\/wp-json\/wp\/v2\/posts\/4013\/revisions\/4217"}],"wp:attachment":[{"href":"https:\/\/www.pasteris.it\/blog\/wp-json\/wp\/v2\/media?parent=4013"}],"wp:term":[{"taxonomy":"category","embeddable":true,"href":"https:\/\/www.pasteris.it\/blog\/wp-json\/wp\/v2\/categories?post=4013"},{"taxonomy":"post_tag","embeddable":true,"href":"https:\/\/www.pasteris.it\/blog\/wp-json\/wp\/v2\/tags?post=4013"}],"curies":[{"name":"wp","href":"https:\/\/api.w.org\/{rel}","templated":true}]}}