{"id":4022,"date":"2008-07-14T10:46:33","date_gmt":"2008-07-14T08:46:33","guid":{"rendered":"http:\/\/www.pasteris.it\/blog\/?p=4022"},"modified":"2008-07-14T10:46:33","modified_gmt":"2008-07-14T08:46:33","slug":"online-e-qualita","status":"publish","type":"post","link":"https:\/\/www.pasteris.it\/blog\/2008\/07\/14\/online-e-qualita\/","title":{"rendered":"Online e qualit\u00e0"},"content":{"rendered":"<p>Nuovo <a href=\"http:\/\/www.lsdi.it\/2008\/07\/13\/l%e2%80%99-online-non-ha-ancora-la-forza-per-sostenere-la-qualita\/\">post riassuntivo<\/a> sul dibattito sul giornalismo (non solo on-line)<\/p>\n<blockquote><p>Scarsit\u00e0 di risorse e piccoli fatturati: \u00e8 anche questa la causa delle difficolt\u00e0 del giornalismo online in Italia &#8211; \u201cGli editori vogliono da internet alti rendimenti e bassi costi perch\u00e9 da internet ottengono, sostanzialmente e con poche eccezioni, piccoli fatturati\u201d\u00a0 La crisi della forma-quotidiano \u2013 Il dibattito aperto da Lsdi con l\u2019 intervento di Vittorio Pasteris si \u00e8 allargato alla crisi del giornalismo professionale e ai problemi strutturali dell\u2019 industria giornalistica . Gli interventi di De Biase, Dotta, Formento, Tedeschini Lalli, Valdemarin, Zambardino<\/p>\n<p>Il dibattito sulla \u201cDignit\u00e0 del giornalismo online\u201d, aperto dopo la pubblicazione su Lsdi di un ampio intervento di Vittorio Pasteris, si \u00e8 allargato presto alla crisi pi\u00f9 generale del giornalismo professionale e alle trasformazioni a cui viene sollecitata l\u2019 industria dei giornali.<\/p><\/blockquote>\n","protected":false},"excerpt":{"rendered":"<p>Nuovo post riassuntivo sul dibattito sul giornalismo (non solo on-line) Scarsit\u00e0 di risorse e piccoli fatturati: \u00e8 anche questa la causa delle difficolt\u00e0 del giornalismo online in Italia &#8211; \u201cGli editori vogliono da internet alti rendimenti e bassi costi perch\u00e9 da internet ottengono, sostanzialmente e con poche eccezioni, piccoli fatturati\u201d\u00a0 La crisi della forma-quotidiano \u2013 &#8230; <a title=\"Online e qualit\u00e0\" class=\"read-more\" href=\"https:\/\/www.pasteris.it\/blog\/2008\/07\/14\/online-e-qualita\/\" aria-label=\"Per saperne di pi\u00f9 su Online e qualit\u00e0\">Leggi tutto<\/a><\/p>\n","protected":false},"author":4,"featured_media":0,"comment_status":"open","ping_status":"open","sticky":false,"template":"","format":"standard","meta":{"footnotes":""},"categories":[],"tags":[379,159,160,161,2155,61,252,26],"class_list":["post-4022","post","type-post","status-publish","format-standard","hentry","tag-crisi","tag-giornali","tag-giornalismo","tag-giornalisti","tag-internet","tag-italia","tag-on-line","tag-vittorio"],"_links":{"self":[{"href":"https:\/\/www.pasteris.it\/blog\/wp-json\/wp\/v2\/posts\/4022","targetHints":{"allow":["GET"]}}],"collection":[{"href":"https:\/\/www.pasteris.it\/blog\/wp-json\/wp\/v2\/posts"}],"about":[{"href":"https:\/\/www.pasteris.it\/blog\/wp-json\/wp\/v2\/types\/post"}],"author":[{"embeddable":true,"href":"https:\/\/www.pasteris.it\/blog\/wp-json\/wp\/v2\/users\/4"}],"replies":[{"embeddable":true,"href":"https:\/\/www.pasteris.it\/blog\/wp-json\/wp\/v2\/comments?post=4022"}],"version-history":[{"count":0,"href":"https:\/\/www.pasteris.it\/blog\/wp-json\/wp\/v2\/posts\/4022\/revisions"}],"wp:attachment":[{"href":"https:\/\/www.pasteris.it\/blog\/wp-json\/wp\/v2\/media?parent=4022"}],"wp:term":[{"taxonomy":"category","embeddable":true,"href":"https:\/\/www.pasteris.it\/blog\/wp-json\/wp\/v2\/categories?post=4022"},{"taxonomy":"post_tag","embeddable":true,"href":"https:\/\/www.pasteris.it\/blog\/wp-json\/wp\/v2\/tags?post=4022"}],"curies":[{"name":"wp","href":"https:\/\/api.w.org\/{rel}","templated":true}]}}