{"id":4039,"date":"2008-07-16T07:22:04","date_gmt":"2008-07-16T05:22:04","guid":{"rendered":"http:\/\/www.pasteris.it\/blog\/?p=4039"},"modified":"2008-07-16T07:26:03","modified_gmt":"2008-07-16T05:26:03","slug":"lisola-in-collina-2008-a-ricaldone-tenco-vive","status":"publish","type":"post","link":"https:\/\/www.pasteris.it\/blog\/2008\/07\/16\/lisola-in-collina-2008-a-ricaldone-tenco-vive\/","title":{"rendered":"L&#8217;isola in collina 2008 a Ricaldone: Tenco vive"},"content":{"rendered":"<p><a href=\"http:\/\/maps.google.com\/maps?f=q&amp;hl=it&amp;geocode=&amp;q=ricaldone&amp;sll=45.070603,7.68671&amp;sspn=0.205126,0.42572&amp;ie=UTF8&amp;ll=44.733519,8.468356&amp;spn=0.012896,0.026608&amp;z=15\">Ricaldone<\/a> \u00e8 un meraviglioso paesello nel Monferrato. A Ricaldone \u00e8 cresciuto ed \u00e8 stato seppellito <a href=\"http:\/\/it.wikipedia.org\/wiki\/Luigi_Tenco\">Luigi Tenco<\/a>. A Ricaldone <a href=\"http:\/\/www.tenco-ricaldone.it\/italian\/museo.php\">\u00e8 nato un museo a lui dedicato<\/a>. A Ricaldone il bloggante \u00e8 piovuto per caso dato che \u00e8 la terra dell&#8217;amata moglie. E di Ricaldone si \u00e8 <a href=\"http:\/\/picasaweb.google.it\/vittorio.pasteris\/Ricaldone\">innamorato<\/a> da <a href=\"http:\/\/picasaweb.google.it\/vittorio.pasteris\/RicaldoneNellaNeve\">subito<\/a>.<\/p>\n<p><video>http:\/\/www.youtube.com\/watch?v=BrW67O3HX48<\/video><\/p>\n<p>Anche quest&#8217;anno a Ricaldone si svolge la diciassettesima edizione dell<a href=\"http:\/\/www.tenco-ricaldone.it\/italian\/index.php\">&#8216;Isola in Collina<\/a> Tributo a Luigi Tenco&#8221;. L&#8217;Isola in collina 2008 partir\u00e0 gioved\u00ec 17 luglio con &#8220;Le  vie\u00a0del sale&#8221;, di Max Manfredi. La serata di venerd\u00ec 18 sar\u00e0 dedicata a Afterhours, Deimos e  Rosa Tatuata. Sabato 19 gran finale con gli Avion Travel, preceduti da Ettore Giuradei e da L&#8217;Aura, Nel pomeriggio di sabato ci sar\u00e0 anche un incontro dedicato  a Luigi Tenco e Paolo Conte con video e contributi musicali.<br \/>\nNegli anni della storia della rassegna hanno suonato a Ricaldone: Francesco De Gregori, Vinicio Capossela, Ivano  Fossati, Gino Paoli, Gianna Nannini, Edoardo Bennato, Carmen Consoli, Enzo  Jannacci, Enrico Ruggeri, Daniele Silvestri, la PFM, Samuele Bersani, i  Tiromancino, gli Yoyomundi.<br \/>\nCi si vede ?<\/p>\n","protected":false},"excerpt":{"rendered":"<p>Ricaldone \u00e8 un meraviglioso paesello nel Monferrato. A Ricaldone \u00e8 cresciuto ed \u00e8 stato seppellito Luigi Tenco. A Ricaldone \u00e8 nato un museo a lui dedicato. A Ricaldone il bloggante \u00e8 piovuto per caso dato che \u00e8 la terra dell&#8217;amata moglie. E di Ricaldone si \u00e8 innamorato da subito. http:\/\/www.youtube.com\/watch?v=BrW67O3HX48 Anche quest&#8217;anno a Ricaldone si &#8230; <a title=\"L&#8217;isola in collina 2008 a Ricaldone: Tenco vive\" class=\"read-more\" href=\"https:\/\/www.pasteris.it\/blog\/2008\/07\/16\/lisola-in-collina-2008-a-ricaldone-tenco-vive\/\" aria-label=\"Per saperne di pi\u00f9 su L&#8217;isola in collina 2008 a Ricaldone: Tenco vive\">Leggi tutto<\/a><\/p>\n","protected":false},"author":4,"featured_media":0,"comment_status":"open","ping_status":"open","sticky":false,"template":"","format":"standard","meta":{"footnotes":""},"categories":[],"tags":[2157,162,61,237,558,289,354,26,363,376],"class_list":["post-4039","post","type-post","status-publish","format-standard","hentry","tag-blog","tag-google","tag-italia","tag-musica","tag-neve","tag-roma","tag-video","tag-vittorio","tag-web","tag-youtube"],"_links":{"self":[{"href":"https:\/\/www.pasteris.it\/blog\/wp-json\/wp\/v2\/posts\/4039","targetHints":{"allow":["GET"]}}],"collection":[{"href":"https:\/\/www.pasteris.it\/blog\/wp-json\/wp\/v2\/posts"}],"about":[{"href":"https:\/\/www.pasteris.it\/blog\/wp-json\/wp\/v2\/types\/post"}],"author":[{"embeddable":true,"href":"https:\/\/www.pasteris.it\/blog\/wp-json\/wp\/v2\/users\/4"}],"replies":[{"embeddable":true,"href":"https:\/\/www.pasteris.it\/blog\/wp-json\/wp\/v2\/comments?post=4039"}],"version-history":[{"count":3,"href":"https:\/\/www.pasteris.it\/blog\/wp-json\/wp\/v2\/posts\/4039\/revisions"}],"predecessor-version":[{"id":4043,"href":"https:\/\/www.pasteris.it\/blog\/wp-json\/wp\/v2\/posts\/4039\/revisions\/4043"}],"wp:attachment":[{"href":"https:\/\/www.pasteris.it\/blog\/wp-json\/wp\/v2\/media?parent=4039"}],"wp:term":[{"taxonomy":"category","embeddable":true,"href":"https:\/\/www.pasteris.it\/blog\/wp-json\/wp\/v2\/categories?post=4039"},{"taxonomy":"post_tag","embeddable":true,"href":"https:\/\/www.pasteris.it\/blog\/wp-json\/wp\/v2\/tags?post=4039"}],"curies":[{"name":"wp","href":"https:\/\/api.w.org\/{rel}","templated":true}]}}