{"id":4046,"date":"2008-07-20T07:33:55","date_gmt":"2008-07-20T05:33:55","guid":{"rendered":"http:\/\/www.pasteris.it\/blog\/?p=4046"},"modified":"2008-07-16T07:36:26","modified_gmt":"2008-07-16T05:36:26","slug":"next-stop-ellis-island","status":"publish","type":"post","link":"https:\/\/www.pasteris.it\/blog\/2008\/07\/20\/next-stop-ellis-island\/","title":{"rendered":"Next stop Ellis Island"},"content":{"rendered":"<p><img decoding=\"async\" class=\"alignright\" src=\"http:\/\/www.galatamuseodelmare.it\/Documenti\/8741_ncldyzstsu.jpg\" alt=\"GALATA\" \/>&#8220;Da Genova a Ellis Island. Il viaggio per mare ai tempi della migrazione italiana&#8221; \u00e8 la grande mostra sull&#8217;emigrazione italiana visitabile a partire dal 20 giugno a Genova al <a href=\"http:\/\/www.galatamuseodelmare.it\">Galata Museo del Mare<\/a>. L&#8217;allestimento di 8 sale in 3 gallerie per un totale di circa 1200 metri quadri, intende mostrare le condizioni di viaggio degli emigranti diretti negli Stati Uniti nel periodo tra il 1892, anno in cui entra in funzione Ellis Island. e il 1914.<br \/>\n<!--more--><br \/>\nRispetto alle mostre tradizionali sul tema dell&#8217;emigrazione, per lo pi\u00f9 fotografiche e documentarie la mostra vuole far rivivere al Visitatore l&#8217;esperienza emigrazione. Munito di un passaporto e di un biglietto di viaggio, il Visitatore arriver\u00e0 a Genova e qui incontrer\u00e0 la realt\u00e0 di una citt\u00e0 che, in pieno sviluppo industriale, vive sull&#8217;emigrante eppure lo disprezza e lo considera un problema sociale. Attender\u00e0, come molti, all&#8217;addiaccio l&#8217;arrivo del proprio battello e poi entrer\u00e0 nella ricostruzione dell&#8217;antica stazione marittima di Ponte Federico Guglielmo. dopo i controlli e le raccomandazioni, potr\u00e0 salire a bordo del piroscafo di emigrazione visitando i dormitori, l&#8217;infermeria, il refettorio e tutti gli ambiti di bordo fedelmente ricostruiti. Dagli obl\u00f2 e dalle finestrature sar\u00e0 possibile vedere il mare, in diverse condizioni di luce, di giorno, al tramonto e durante una notte di luna, e infine passare sotto la Statua della Libert\u00e0, il momento del pathos e della commozione.<\/p>\n","protected":false},"excerpt":{"rendered":"<p>&#8220;Da Genova a Ellis Island. Il viaggio per mare ai tempi della migrazione italiana&#8221; \u00e8 la grande mostra sull&#8217;emigrazione italiana visitabile a partire dal 20 giugno a Genova al Galata Museo del Mare. L&#8217;allestimento di 8 sale in 3 gallerie per un totale di circa 1200 metri quadri, intende mostrare le condizioni di viaggio degli &#8230; <a title=\"Next stop Ellis Island\" class=\"read-more\" href=\"https:\/\/www.pasteris.it\/blog\/2008\/07\/20\/next-stop-ellis-island\/\" aria-label=\"Per saperne di pi\u00f9 su Next stop Ellis Island\">Leggi tutto<\/a><\/p>\n","protected":false},"author":4,"featured_media":0,"comment_status":"open","ping_status":"open","sticky":false,"template":"","format":"standard","meta":{"footnotes":""},"categories":[],"tags":[155,61,548],"class_list":["post-4046","post","type-post","status-publish","format-standard","hentry","tag-genova","tag-italia","tag-liberta"],"_links":{"self":[{"href":"https:\/\/www.pasteris.it\/blog\/wp-json\/wp\/v2\/posts\/4046","targetHints":{"allow":["GET"]}}],"collection":[{"href":"https:\/\/www.pasteris.it\/blog\/wp-json\/wp\/v2\/posts"}],"about":[{"href":"https:\/\/www.pasteris.it\/blog\/wp-json\/wp\/v2\/types\/post"}],"author":[{"embeddable":true,"href":"https:\/\/www.pasteris.it\/blog\/wp-json\/wp\/v2\/users\/4"}],"replies":[{"embeddable":true,"href":"https:\/\/www.pasteris.it\/blog\/wp-json\/wp\/v2\/comments?post=4046"}],"version-history":[{"count":1,"href":"https:\/\/www.pasteris.it\/blog\/wp-json\/wp\/v2\/posts\/4046\/revisions"}],"predecessor-version":[{"id":4047,"href":"https:\/\/www.pasteris.it\/blog\/wp-json\/wp\/v2\/posts\/4046\/revisions\/4047"}],"wp:attachment":[{"href":"https:\/\/www.pasteris.it\/blog\/wp-json\/wp\/v2\/media?parent=4046"}],"wp:term":[{"taxonomy":"category","embeddable":true,"href":"https:\/\/www.pasteris.it\/blog\/wp-json\/wp\/v2\/categories?post=4046"},{"taxonomy":"post_tag","embeddable":true,"href":"https:\/\/www.pasteris.it\/blog\/wp-json\/wp\/v2\/tags?post=4046"}],"curies":[{"name":"wp","href":"https:\/\/api.w.org\/{rel}","templated":true}]}}