{"id":4070,"date":"2008-07-17T16:39:14","date_gmt":"2008-07-17T14:39:14","guid":{"rendered":"http:\/\/www.pasteris.it\/blog\/?p=4070"},"modified":"2008-07-17T16:39:14","modified_gmt":"2008-07-17T14:39:14","slug":"troppo-simile-a-pantani","status":"publish","type":"post","link":"https:\/\/www.pasteris.it\/blog\/2008\/07\/17\/troppo-simile-a-pantani\/","title":{"rendered":"Troppo simile a Pantani"},"content":{"rendered":"<p><a href=\"http:\/\/www.pasteris.it\/blog\/2008\/07\/15\/pantani-20-riccardo-ricco\/\">Riccardo Ricc\u00f2<\/a>, due volte vincitore di tappa, \u00e8 stato trovato positivo all\u2019Epo di terza generazione dopo il controllo effettuato al termine della gara a cronometro del Tour de France dell&#8217;8 luglio. Il ciclista italiano \u00e8 stato sospeso dalla corsa ed \u00e8 stato condotto in gendarmeria, nella stessa localit\u00e0 di Lavelanet, in stato di fermo.<\/p>\n","protected":false},"excerpt":{"rendered":"<p>Riccardo Ricc\u00f2, due volte vincitore di tappa, \u00e8 stato trovato positivo all\u2019Epo di terza generazione dopo il controllo effettuato al termine della gara a cronometro del Tour de France dell&#8217;8 luglio. Il ciclista italiano \u00e8 stato sospeso dalla corsa ed \u00e8 stato condotto in gendarmeria, nella stessa localit\u00e0 di Lavelanet, in stato di fermo.<\/p>\n","protected":false},"author":4,"featured_media":0,"comment_status":"open","ping_status":"open","sticky":false,"template":"","format":"standard","meta":{"footnotes":""},"categories":[],"tags":[2157,61],"class_list":["post-4070","post","type-post","status-publish","format-standard","hentry","tag-blog","tag-italia"],"_links":{"self":[{"href":"https:\/\/www.pasteris.it\/blog\/wp-json\/wp\/v2\/posts\/4070","targetHints":{"allow":["GET"]}}],"collection":[{"href":"https:\/\/www.pasteris.it\/blog\/wp-json\/wp\/v2\/posts"}],"about":[{"href":"https:\/\/www.pasteris.it\/blog\/wp-json\/wp\/v2\/types\/post"}],"author":[{"embeddable":true,"href":"https:\/\/www.pasteris.it\/blog\/wp-json\/wp\/v2\/users\/4"}],"replies":[{"embeddable":true,"href":"https:\/\/www.pasteris.it\/blog\/wp-json\/wp\/v2\/comments?post=4070"}],"version-history":[{"count":1,"href":"https:\/\/www.pasteris.it\/blog\/wp-json\/wp\/v2\/posts\/4070\/revisions"}],"predecessor-version":[{"id":4071,"href":"https:\/\/www.pasteris.it\/blog\/wp-json\/wp\/v2\/posts\/4070\/revisions\/4071"}],"wp:attachment":[{"href":"https:\/\/www.pasteris.it\/blog\/wp-json\/wp\/v2\/media?parent=4070"}],"wp:term":[{"taxonomy":"category","embeddable":true,"href":"https:\/\/www.pasteris.it\/blog\/wp-json\/wp\/v2\/categories?post=4070"},{"taxonomy":"post_tag","embeddable":true,"href":"https:\/\/www.pasteris.it\/blog\/wp-json\/wp\/v2\/tags?post=4070"}],"curies":[{"name":"wp","href":"https:\/\/api.w.org\/{rel}","templated":true}]}}