{"id":4120,"date":"2008-07-20T16:04:13","date_gmt":"2008-07-20T14:04:13","guid":{"rendered":"http:\/\/www.pasteris.it\/blog\/?p=4120"},"modified":"2008-07-20T16:04:13","modified_gmt":"2008-07-20T14:04:13","slug":"fotografare-la-realta-per-capire-come-stanno-le-cose","status":"publish","type":"post","link":"https:\/\/www.pasteris.it\/blog\/2008\/07\/20\/fotografare-la-realta-per-capire-come-stanno-le-cose\/","title":{"rendered":"Fotografare la realt\u00e0, per capire come stanno le cose"},"content":{"rendered":"<p>Visto che si sono visti pochi servizi di tv non istituzionali sul tema, sarebbe interessante per farsi una idea concreta raccogliere decine o centinaia di foto di Napoli ad oggi per documentare se e quanto i rifiuti sono davvero spariti. Fuor di polemicha, solo per capire come stanno le cose davvero<\/p>\n<p><a href=\"http:\/\/sonouningenuo.blogspot.com\/2008\/07\/berlusconi-napoli-pulita-ma-guardate-le.html\">Via Resistere, resitere, resistere<\/a><\/p>\n<blockquote><p>Napoli \u00e8 pulita. Parola di Berlusconi. Venerd\u00ec giornata campale per il governo che torna a Napoli per annunciare la \u00abfine dell\u2019emergenza rifiuti\u00bb. Peccato che i napoletani non se ne siano accorti. Ammette di essere stanco il premier &#8211; \u00abmi fate lavorare troppo\u00bb &#8211; e quindi nessun giro in periferia, per altro non programmato. Solo il corteo delle auto blu che passa per il centro &#8211; che \u00e8 sempre stato pulito tranne rarissimi momenti &#8211; fila alla riunione del Consigflio dei Ministri, a cui non sono andati i leghisti Calderoli e Maroni, e ritorno.<br \/>\nA tre mesi dall\u2019inizio della legislatura, d\u2019altronde, il premier affannato dai problemi della giustizia e da una manovra economica che ha fatto infuriare anche parte della sua maggioranza, ha bisogno di far vedere che almeno una delle promesse fatte in campagna elettorale \u00e8 stata mantenuta.<br \/>\nCos\u00ec ha pensato bene di far ripulire le strade dove venerd\u00ec trascorrer\u00e0 l\u2019ennesima gita di governo e di piazzare le telecamere del fidato Tg4 a riprendere il miracolo. \u00abRitorno a Napoli\u00bb \u00e8 il titolo dello speciale del tg che Emilio Fede trasmetter\u00e0 venerd\u00ec in occasione del Consiglio dei Ministri partenopeo. Nello speciale, spiegano dalla redazione dell\u2019emittente Mediaset, si vedranno \u00abimmagini del periodo drammatico vissuto dalla citt\u00e0 e il nuovo volto della Napoli di oggi\u00bb. Se non fosse vero, verrebbe da ridere.<br \/>\nFonte &#8211; l&#8217;Unit\u00e0<\/p><\/blockquote>\n","protected":false},"excerpt":{"rendered":"<p>Visto che si sono visti pochi servizi di tv non istituzionali sul tema, sarebbe interessante per farsi una idea concreta raccogliere decine o centinaia di foto di Napoli ad oggi per documentare se e quanto i rifiuti sono davvero spariti. Fuor di polemicha, solo per capire come stanno le cose davvero Via Resistere, resitere, resistere &#8230; <a title=\"Fotografare la realt\u00e0, per capire come stanno le cose\" class=\"read-more\" href=\"https:\/\/www.pasteris.it\/blog\/2008\/07\/20\/fotografare-la-realta-per-capire-come-stanno-le-cose\/\" aria-label=\"Per saperne di pi\u00f9 su Fotografare la realt\u00e0, per capire come stanno le cose\">Leggi tutto<\/a><\/p>\n","protected":false},"author":4,"featured_media":0,"comment_status":"open","ping_status":"open","sticky":false,"template":"","format":"standard","meta":{"footnotes":""},"categories":[],"tags":[415,69,2157,165,417,2168,239],"class_list":["post-4120","post","type-post","status-publish","format-standard","hentry","tag-arte","tag-berlusconi","tag-blog","tag-governo","tag-maroni","tag-media","tag-napoli"],"_links":{"self":[{"href":"https:\/\/www.pasteris.it\/blog\/wp-json\/wp\/v2\/posts\/4120","targetHints":{"allow":["GET"]}}],"collection":[{"href":"https:\/\/www.pasteris.it\/blog\/wp-json\/wp\/v2\/posts"}],"about":[{"href":"https:\/\/www.pasteris.it\/blog\/wp-json\/wp\/v2\/types\/post"}],"author":[{"embeddable":true,"href":"https:\/\/www.pasteris.it\/blog\/wp-json\/wp\/v2\/users\/4"}],"replies":[{"embeddable":true,"href":"https:\/\/www.pasteris.it\/blog\/wp-json\/wp\/v2\/comments?post=4120"}],"version-history":[{"count":2,"href":"https:\/\/www.pasteris.it\/blog\/wp-json\/wp\/v2\/posts\/4120\/revisions"}],"predecessor-version":[{"id":4122,"href":"https:\/\/www.pasteris.it\/blog\/wp-json\/wp\/v2\/posts\/4120\/revisions\/4122"}],"wp:attachment":[{"href":"https:\/\/www.pasteris.it\/blog\/wp-json\/wp\/v2\/media?parent=4120"}],"wp:term":[{"taxonomy":"category","embeddable":true,"href":"https:\/\/www.pasteris.it\/blog\/wp-json\/wp\/v2\/categories?post=4120"},{"taxonomy":"post_tag","embeddable":true,"href":"https:\/\/www.pasteris.it\/blog\/wp-json\/wp\/v2\/tags?post=4120"}],"curies":[{"name":"wp","href":"https:\/\/api.w.org\/{rel}","templated":true}]}}