{"id":4197,"date":"2008-07-24T14:36:16","date_gmt":"2008-07-24T12:36:16","guid":{"rendered":"http:\/\/www.pasteris.it\/blog\/?p=4197"},"modified":"2008-07-24T14:36:16","modified_gmt":"2008-07-24T12:36:16","slug":"le-quattro-emme","status":"publish","type":"post","link":"https:\/\/www.pasteris.it\/blog\/2008\/07\/24\/le-quattro-emme\/","title":{"rendered":"Le quattro emme"},"content":{"rendered":"<p>Secondo Maurizio Costa, ad e vicepresidente del gruppo Mondadori \u00abla crisi non \u00e8 generalizzata: ci sono fasce di pubblico e prodotti che tengono molto bene\u00bb; si tratta di \u00abun passaggio di fase\u00bb che implica una \u00abselezione ed evoluzione della specie\u00bb.<\/p>\n<p>Internet \u00absar\u00e0 sempre pi\u00f9 complementare ma non sostituir\u00e0 libri e giornali: tutti gli editori ritengono che al massimo potr\u00e0 arrivare a coprire un quarto dei ricavi\u00bb.<\/p>\n<p>La strategia per il futuro \u00e8 sintetizzata in quattro m: multimedialit\u00e0, multipiattaforma, multicanale e multicountry.<\/p>\n","protected":false},"excerpt":{"rendered":"<p>Secondo Maurizio Costa, ad e vicepresidente del gruppo Mondadori \u00abla crisi non \u00e8 generalizzata: ci sono fasce di pubblico e prodotti che tengono molto bene\u00bb; si tratta di \u00abun passaggio di fase\u00bb che implica una \u00abselezione ed evoluzione della specie\u00bb. Internet \u00absar\u00e0 sempre pi\u00f9 complementare ma non sostituir\u00e0 libri e giornali: tutti gli editori ritengono &#8230; <a title=\"Le quattro emme\" class=\"read-more\" href=\"https:\/\/www.pasteris.it\/blog\/2008\/07\/24\/le-quattro-emme\/\" aria-label=\"Per saperne di pi\u00f9 su Le quattro emme\">Leggi tutto<\/a><\/p>\n","protected":false},"author":4,"featured_media":0,"comment_status":"open","ping_status":"open","sticky":false,"template":"","format":"standard","meta":{"footnotes":""},"categories":[],"tags":[379,453,159,2155,198,2168,2159],"class_list":["post-4197","post","type-post","status-publish","format-standard","hentry","tag-crisi","tag-futuro","tag-giornali","tag-internet","tag-libri","tag-media","tag-multimedia"],"_links":{"self":[{"href":"https:\/\/www.pasteris.it\/blog\/wp-json\/wp\/v2\/posts\/4197","targetHints":{"allow":["GET"]}}],"collection":[{"href":"https:\/\/www.pasteris.it\/blog\/wp-json\/wp\/v2\/posts"}],"about":[{"href":"https:\/\/www.pasteris.it\/blog\/wp-json\/wp\/v2\/types\/post"}],"author":[{"embeddable":true,"href":"https:\/\/www.pasteris.it\/blog\/wp-json\/wp\/v2\/users\/4"}],"replies":[{"embeddable":true,"href":"https:\/\/www.pasteris.it\/blog\/wp-json\/wp\/v2\/comments?post=4197"}],"version-history":[{"count":1,"href":"https:\/\/www.pasteris.it\/blog\/wp-json\/wp\/v2\/posts\/4197\/revisions"}],"predecessor-version":[{"id":4198,"href":"https:\/\/www.pasteris.it\/blog\/wp-json\/wp\/v2\/posts\/4197\/revisions\/4198"}],"wp:attachment":[{"href":"https:\/\/www.pasteris.it\/blog\/wp-json\/wp\/v2\/media?parent=4197"}],"wp:term":[{"taxonomy":"category","embeddable":true,"href":"https:\/\/www.pasteris.it\/blog\/wp-json\/wp\/v2\/categories?post=4197"},{"taxonomy":"post_tag","embeddable":true,"href":"https:\/\/www.pasteris.it\/blog\/wp-json\/wp\/v2\/tags?post=4197"}],"curies":[{"name":"wp","href":"https:\/\/api.w.org\/{rel}","templated":true}]}}