{"id":4412,"date":"2008-08-05T09:03:54","date_gmt":"2008-08-05T07:03:54","guid":{"rendered":"http:\/\/www.pasteris.it\/blog\/?p=4412"},"modified":"2008-08-05T09:03:54","modified_gmt":"2008-08-05T07:03:54","slug":"online-il-programma-della-blogfest","status":"publish","type":"post","link":"https:\/\/www.pasteris.it\/blog\/2008\/08\/05\/online-il-programma-della-blogfest\/","title":{"rendered":"Online il programma della Blogfest"},"content":{"rendered":"<p>Via <a href=\"http:\/\/www.blogfest.it\/2008\/08\/01\/online-il-programma-della-blogfest-2008\/\">Blogfest<\/a><\/p>\n<blockquote><p>E\u2019 finalmente online il programma della <strong>BlogFest<\/strong>: <a href=\"http:\/\/www.blogfest.it\/programma\/\">clicca qui per consultarlo<\/a>.<\/p>\n<p>Ovviamente si tratta di una prima stesura: gi\u00e0 al momento di pubblicare questa pagina gli eventi e gli sponsor previsti ma non ancora pubblicabili sono parecchi. Fino al 1\u00b0 settembre, in pratica, il programma ufficiale della festa si arricchir\u00e0 sempre pi\u00f9 di ospiti e occasioni di divertimento o informazione. E non \u00e8 detto, poi, che ci si sia ricordati di mettere tutta la carne al fuoco.<\/p>\n<p>Le soprese saranno tantissime: alcune sono cos\u00ec grosse che non si possono scrivere; altre verranno rivelate man mano che la <strong>BlogFest 2008<\/strong> si avvicina.<\/p>\n<p>Voi, nel frattempo, tenete d\u2019occhio queste pagine!<\/p>\n<p style=\"text-align: center;\">Ecco le location della <strong>BlogFest 2008<\/strong>:<br \/>\n<a href=\"http:\/\/www.blogfest.it\/wp-content\/uploads\/2008\/08\/locationblogfest-post.jpg\"><img loading=\"lazy\" decoding=\"async\" class=\"size-medium wp-image-39 aligncenter\" title=\"Le location della BlogFest 2008\" src=\"http:\/\/www.blogfest.it\/wp-content\/uploads\/2008\/08\/locationblogfest-post-300x216.jpg\" alt=\"\" width=\"300\" height=\"216\" \/><\/a><\/p><\/blockquote>\n","protected":false},"excerpt":{"rendered":"<p>Via Blogfest E\u2019 finalmente online il programma della BlogFest: clicca qui per consultarlo. Ovviamente si tratta di una prima stesura: gi\u00e0 al momento di pubblicare questa pagina gli eventi e gli sponsor previsti ma non ancora pubblicabili sono parecchi. Fino al 1\u00b0 settembre, in pratica, il programma ufficiale della festa si arricchir\u00e0 sempre pi\u00f9 di &#8230; <a title=\"Online il programma della Blogfest\" class=\"read-more\" href=\"https:\/\/www.pasteris.it\/blog\/2008\/08\/05\/online-il-programma-della-blogfest\/\" aria-label=\"Per saperne di pi\u00f9 su Online il programma della Blogfest\">Leggi tutto<\/a><\/p>\n","protected":false},"author":4,"featured_media":0,"comment_status":"open","ping_status":"open","sticky":false,"template":"","format":"standard","meta":{"footnotes":""},"categories":[],"tags":[2157,176,561],"class_list":["post-4412","post","type-post","status-publish","format-standard","hentry","tag-blog","tag-informazione","tag-tempo"],"_links":{"self":[{"href":"https:\/\/www.pasteris.it\/blog\/wp-json\/wp\/v2\/posts\/4412","targetHints":{"allow":["GET"]}}],"collection":[{"href":"https:\/\/www.pasteris.it\/blog\/wp-json\/wp\/v2\/posts"}],"about":[{"href":"https:\/\/www.pasteris.it\/blog\/wp-json\/wp\/v2\/types\/post"}],"author":[{"embeddable":true,"href":"https:\/\/www.pasteris.it\/blog\/wp-json\/wp\/v2\/users\/4"}],"replies":[{"embeddable":true,"href":"https:\/\/www.pasteris.it\/blog\/wp-json\/wp\/v2\/comments?post=4412"}],"version-history":[{"count":1,"href":"https:\/\/www.pasteris.it\/blog\/wp-json\/wp\/v2\/posts\/4412\/revisions"}],"predecessor-version":[{"id":4413,"href":"https:\/\/www.pasteris.it\/blog\/wp-json\/wp\/v2\/posts\/4412\/revisions\/4413"}],"wp:attachment":[{"href":"https:\/\/www.pasteris.it\/blog\/wp-json\/wp\/v2\/media?parent=4412"}],"wp:term":[{"taxonomy":"category","embeddable":true,"href":"https:\/\/www.pasteris.it\/blog\/wp-json\/wp\/v2\/categories?post=4412"},{"taxonomy":"post_tag","embeddable":true,"href":"https:\/\/www.pasteris.it\/blog\/wp-json\/wp\/v2\/tags?post=4412"}],"curies":[{"name":"wp","href":"https:\/\/api.w.org\/{rel}","templated":true}]}}