{"id":4550,"date":"2008-08-09T10:20:34","date_gmt":"2008-08-09T08:20:34","guid":{"rendered":"http:\/\/www.pasteris.it\/blog\/?p=4550"},"modified":"2008-08-09T10:20:34","modified_gmt":"2008-08-09T08:20:34","slug":"governo-che-vai-sito-che-trovi","status":"publish","type":"post","link":"https:\/\/www.pasteris.it\/blog\/2008\/08\/09\/governo-che-vai-sito-che-trovi\/","title":{"rendered":"Governo che vai, sito che trovi"},"content":{"rendered":"<p>Via <a href=\"http:\/\/mariotedeschini.blog.kataweb.it\/giornalismodaltri\/2008\/08\/05\/il-sito-del-governo-e-solo-del-governo-in-carica\/\">Mario Tedeschini<\/a><\/p>\n<blockquote><p>Questa mattina sono andato curiosando tra i materiali scritti e audiovisivi del<a href=\"http:\/\/www.governo.it\/\"> sito ufficiale del governo italiano<\/a> e mi sono reso conto che quando cambia un governo, non solo cambia l\u2019aspetto del sito, ma anche che il nuovo governo sembra voler rendere pi\u00f9 complicato accedere al materiale di quello che lo ha preceduto. E\u2019 evidente che negli ultimi dieci anni il susseguirsi di tecnologie e di raccolta di documenti incida sulla fruibilit\u00e0 del materiale pregresso (ne parleremo dopo), ma qui mi sembra che ci sia qualcosa di pi\u00f9 della difficolt\u00e0 di \u201cporting\u201d dei materiali precedenti.<\/p>\n<p><!--more--><\/p>\n<p>Nella foto qui accanto (<a href=\"http:\/\/mariotedeschini.blog.kataweb.it\/files\/2008\/08\/berlusconi.jpg\">clicca<\/a>) \u00e8\u00a0 riprodotta una pagina del sito attuale che offre la possibilit\u00e0 di navigare la sezione di materiale scelta (in questo caso gli audiovisivi) per anno e per mese. Solo che in questo caso l\u2019anno che \u00e8 possibile scegliere \u00e8 solo uno: il 2008.<br \/>\nDunque &#8211; con questo metodo &#8211; \u00e8 possibile risalire ai materiali del governo Prodi solo fino al gennaio di quest\u2019anno.<\/p>\n<p>Diciamolo subito, ad onore dei tecnici della presidenza del Consiglio: gran parte dei materiali precedenti sono accessibili inserendo una parola chiave nel campo di ricerca in alto a destra. Certo non sarebbe stato male consultarli a ritroso anche per anno e per mese. Un problema tecnico? Uhmm, ne dubito.<\/p>\n<p>Se guardiamo infatti quest\u2019altra foto (<a href=\"http:\/\/mariotedeschini.blog.kataweb.it\/files\/2008\/08\/prodi.jpg\">clicca<\/a>), ci accorgiamo che lo stesso meccanismo c\u2019era gi\u00e0, quindi qualcuno ha fatto una scelta politico-editoriale, non tecnica, di escludere gli anni 2006-2007 da questa forma di consultazione.<\/p>\n<p>Attenzione: abbiamo detto 2006-2007. Cio\u00e8 anche il portale del governo <strong>Prodi <\/strong>non consente di risalire, con questo meccanismo, ai materiali del precedente<strong> Berlusconi.<\/strong> Chiss\u00e0, forse qui si \u00e8 trattato veramente di un problema di struttura dei dati nuova\u2026<\/p>\n<p>Manco per niente. Quest\u2019altra immagine (<a href=\"http:\/\/mariotedeschini.blog.kataweb.it\/files\/2008\/08\/berlusconi1.jpg\">clicca<\/a>) dimostra che la struttura del sito era la stessa anche prima di <strong>Prodi<\/strong>, tant\u2019\u00e8 che <strong>Berlusconi <\/strong>rendeva possibile la ricerca con lo stesso menu a tendina\u2026 dal giugno 2001 al 2006. Cio\u00e8 i mesi del suo governo.<\/p><\/blockquote>\n","protected":false},"excerpt":{"rendered":"<p>Via Mario Tedeschini Questa mattina sono andato curiosando tra i materiali scritti e audiovisivi del sito ufficiale del governo italiano e mi sono reso conto che quando cambia un governo, non solo cambia l\u2019aspetto del sito, ma anche che il nuovo governo sembra voler rendere pi\u00f9 complicato accedere al materiale di quello che lo ha &#8230; <a title=\"Governo che vai, sito che trovi\" class=\"read-more\" href=\"https:\/\/www.pasteris.it\/blog\/2008\/08\/09\/governo-che-vai-sito-che-trovi\/\" aria-label=\"Per saperne di pi\u00f9 su Governo che vai, sito che trovi\">Leggi tutto<\/a><\/p>\n","protected":false},"author":4,"featured_media":0,"comment_status":"open","ping_status":"open","sticky":false,"template":"","format":"standard","meta":{"footnotes":""},"categories":[],"tags":[415,7,69,2157,121,159,160,165,61,275,286,363],"class_list":["post-4550","post","type-post","status-publish","format-standard","hentry","tag-arte","tag-audio","tag-berlusconi","tag-blog","tag-editoria","tag-giornali","tag-giornalismo","tag-governo","tag-italia","tag-prodi","tag-ricerca","tag-web"],"_links":{"self":[{"href":"https:\/\/www.pasteris.it\/blog\/wp-json\/wp\/v2\/posts\/4550","targetHints":{"allow":["GET"]}}],"collection":[{"href":"https:\/\/www.pasteris.it\/blog\/wp-json\/wp\/v2\/posts"}],"about":[{"href":"https:\/\/www.pasteris.it\/blog\/wp-json\/wp\/v2\/types\/post"}],"author":[{"embeddable":true,"href":"https:\/\/www.pasteris.it\/blog\/wp-json\/wp\/v2\/users\/4"}],"replies":[{"embeddable":true,"href":"https:\/\/www.pasteris.it\/blog\/wp-json\/wp\/v2\/comments?post=4550"}],"version-history":[{"count":1,"href":"https:\/\/www.pasteris.it\/blog\/wp-json\/wp\/v2\/posts\/4550\/revisions"}],"predecessor-version":[{"id":4551,"href":"https:\/\/www.pasteris.it\/blog\/wp-json\/wp\/v2\/posts\/4550\/revisions\/4551"}],"wp:attachment":[{"href":"https:\/\/www.pasteris.it\/blog\/wp-json\/wp\/v2\/media?parent=4550"}],"wp:term":[{"taxonomy":"category","embeddable":true,"href":"https:\/\/www.pasteris.it\/blog\/wp-json\/wp\/v2\/categories?post=4550"},{"taxonomy":"post_tag","embeddable":true,"href":"https:\/\/www.pasteris.it\/blog\/wp-json\/wp\/v2\/tags?post=4550"}],"curies":[{"name":"wp","href":"https:\/\/api.w.org\/{rel}","templated":true}]}}