{"id":4679,"date":"2008-08-15T09:56:10","date_gmt":"2008-08-15T07:56:10","guid":{"rendered":"http:\/\/www.pasteris.it\/blog\/?p=4679"},"modified":"2008-08-14T18:08:07","modified_gmt":"2008-08-14T16:08:07","slug":"le-guardie-svizzere-marciano-su-famiglia-cristiana","status":"publish","type":"post","link":"https:\/\/www.pasteris.it\/blog\/2008\/08\/15\/le-guardie-svizzere-marciano-su-famiglia-cristiana\/","title":{"rendered":"Le guardie svizzere marciano su Famiglia Cristiana"},"content":{"rendered":"<p><a href=\"http:\/\/www.corriere.it\/politica\/08_agosto_14\/vaticano_famiglia_cristiana_7b48252c-69de-11dd-af27-00144f02aabc.shtml\"><img loading=\"lazy\" decoding=\"async\" class=\"alignright\" title=\"guardie svizzere\" src=\"http:\/\/upload.wikimedia.org\/wikipedia\/commons\/thumb\/b\/bd\/Swiss_Guard.jpg\/280px-Swiss_Guard.jpg\" alt=\"\" width=\"177\" height=\"255\" \/>Via Corriere.it<\/a><\/p>\n<p>Il giorno dopo la \u00abbufera\u00bb arrivano le precisazioni. Il Vaticano prende le distanze da \u00ab<a href=\"http:\/\/www.sanpaolo.org\/fc\/default.htm\">Famiglia Cristiana<\/a>\u00bb e dai suoi scontri con il governo avvenuti quando il settimanale cattolico ha paventato il rischio, con alcune decisioni di questo governo, di un ritorno del fascismo in Italia.<\/p>\n<p>Il direttore della Sala Stampa vaticana, padre Federico Lombardi, ha precisato che il settimanale dei Paolini \u00abnon ha titolo per esprimere n\u00e9 la linea della Santa Sede n\u00e9 quella della Conferenza episcopale italiana\u00bb. \u00abIl settimanale &#8220;Famiglia Cristiana&#8221; &#8211; ha poi aggiunto padre Lombardi &#8211; \u00e8 una testata importante della realt\u00e0 cattolica. Le sue posizioni per\u00f2 sono esclusivamente responsabilit\u00e0 della sua direzione\u00bb.<\/p>\n","protected":false},"excerpt":{"rendered":"<p>Via Corriere.it Il giorno dopo la \u00abbufera\u00bb arrivano le precisazioni. Il Vaticano prende le distanze da \u00abFamiglia Cristiana\u00bb e dai suoi scontri con il governo avvenuti quando il settimanale cattolico ha paventato il rischio, con alcune decisioni di questo governo, di un ritorno del fascismo in Italia. Il direttore della Sala Stampa vaticana, padre Federico &#8230; <a title=\"Le guardie svizzere marciano su Famiglia Cristiana\" class=\"read-more\" href=\"https:\/\/www.pasteris.it\/blog\/2008\/08\/15\/le-guardie-svizzere-marciano-su-famiglia-cristiana\/\" aria-label=\"Per saperne di pi\u00f9 su Le guardie svizzere marciano su Famiglia Cristiana\">Leggi tutto<\/a><\/p>\n","protected":false},"author":4,"featured_media":0,"comment_status":"open","ping_status":"open","sticky":false,"template":"","format":"standard","meta":{"footnotes":""},"categories":[],"tags":[107,434,165,2154,61,2168,554],"class_list":["post-4679","post","type-post","status-publish","format-standard","hentry","tag-corriere","tag-fascismo","tag-governo","tag-politica","tag-italia","tag-media","tag-paolini"],"_links":{"self":[{"href":"https:\/\/www.pasteris.it\/blog\/wp-json\/wp\/v2\/posts\/4679","targetHints":{"allow":["GET"]}}],"collection":[{"href":"https:\/\/www.pasteris.it\/blog\/wp-json\/wp\/v2\/posts"}],"about":[{"href":"https:\/\/www.pasteris.it\/blog\/wp-json\/wp\/v2\/types\/post"}],"author":[{"embeddable":true,"href":"https:\/\/www.pasteris.it\/blog\/wp-json\/wp\/v2\/users\/4"}],"replies":[{"embeddable":true,"href":"https:\/\/www.pasteris.it\/blog\/wp-json\/wp\/v2\/comments?post=4679"}],"version-history":[{"count":1,"href":"https:\/\/www.pasteris.it\/blog\/wp-json\/wp\/v2\/posts\/4679\/revisions"}],"predecessor-version":[{"id":4680,"href":"https:\/\/www.pasteris.it\/blog\/wp-json\/wp\/v2\/posts\/4679\/revisions\/4680"}],"wp:attachment":[{"href":"https:\/\/www.pasteris.it\/blog\/wp-json\/wp\/v2\/media?parent=4679"}],"wp:term":[{"taxonomy":"category","embeddable":true,"href":"https:\/\/www.pasteris.it\/blog\/wp-json\/wp\/v2\/categories?post=4679"},{"taxonomy":"post_tag","embeddable":true,"href":"https:\/\/www.pasteris.it\/blog\/wp-json\/wp\/v2\/tags?post=4679"}],"curies":[{"name":"wp","href":"https:\/\/api.w.org\/{rel}","templated":true}]}}