{"id":4775,"date":"2008-08-22T17:14:31","date_gmt":"2008-08-22T15:14:31","guid":{"rendered":"http:\/\/www.pasteris.it\/blog\/?p=4775"},"modified":"2008-08-23T17:30:38","modified_gmt":"2008-08-23T15:30:38","slug":"esami-alla-facolta-di-medicina","status":"publish","type":"post","link":"https:\/\/www.pasteris.it\/blog\/2008\/08\/22\/esami-alla-facolta-di-medicina\/","title":{"rendered":"Esami alla facolt\u00e0 di medicina"},"content":{"rendered":"<p><a href=\"http:\/\/www.lastampa.it\/Torino\/cmsSezioni\/cronaca\/200808articoli\/7926girata.asp\">Brutte storie<\/a> all<a href=\"http:\/\/maps.google.it\/?ie=UTF8&amp;ll=45.043858,7.680602&amp;spn=0.007474,0.019312&amp;t=h&amp;z=16\">&#8216;istituto di medicina &#8220;legale<\/a>&#8221;<\/p>\n<blockquote><p><span class=\"articologirata\"><strong>Ha avuto una relazione con lui?<\/strong><br \/>\n\u00abDiciamo che l\u2019ho subita. Avance sessuali, avance pesanti, molto spinte, fin dai tempi della laurea\u00bb.<br \/>\n<strong>Come ha reagito?<\/strong><br \/>\n\u00abPoich\u00e9 mi volevo laureare e non avevo voglia di trovarla lunga, sono stata zitta e mi sono adeguata&#8230; Poi ho scoperto che non ero n\u00e9 la prima n\u00e9 l&#8217;ultima. Ho scoperto che in specialit\u00e0 entravano i fratelli massoni, i suoi amici, i parenti o quelle che si prestavano al giochetto\u00bb.<br \/>\n<strong>Poi cosa \u00e8 cambiato?<\/strong><br \/>\n\u00abLa mia disponibilit\u00e0. Prima di questo concorso non mi sono pi\u00f9 voluta prestare. Forse qualcun\u2019altra ha deciso di essere pi\u00f9 disponibile. Di sicuro anche ad altre colleghe sono successe cose simili. Ci siamo ritrovate. Ho chiesto un appuntamento al rettore per denunciare tutto\u00bb.<br \/>\n<strong>Ha delle prove per dimostrare tutto quello che ci sta raccontando?<\/strong><br \/>\n\u00abUna pelliccia che non ho pi\u00f9 lavato, un paio di mutandine, una foto in cui il professore \u00e8 nudo dentro all\u2019istituto\u00bb.<br \/>\n<strong>E lei?<\/strong><br \/>\n\u00abSiamo maggiorenni, \u00e8 vero: ma tu non puoi escludermi da un concorso perch\u00e9 non voglio pi\u00f9 stare con te. E gli altri quattro della commissione? Perch\u00e9 sono stati zitti?\u00bb.<br \/>\n<strong>Perch\u00e9 finora \u00e8 stata zitta lei?<\/strong><br \/>\n\u00abSono un medico, aspiro a un ruolo politico nel mio Comune. Non \u00e8 una storia edificante. \u00c8 una storia schifosa e sordida. Lui ci perde la faccia, ma anche io non ne esco tanto bene. Lui esercitava un abuso di potere, ma io sono quella che si faceva pastrugnare&#8230;\u00bb.<br \/>\n<strong>Qual \u00e8 un modo efficace per riassumere questa \u00abstoria schifosa\u00bb?<br \/>\n<\/strong>\u00abPoco prima dell\u2019esame lui \u00e8 salito sulla mia macchina. Erano le 12,30. Eravamo davanti all&#8217;istituto. Voleva che chinassi la testa, io mi sono rifiutata. Ho detto: &#8220;Sono incinta di mio marito, basta&#8221;. E lui mi ha bocciata\u00bb.<br \/>\n<strong>Sono accuse molto pesanti. Sapr\u00e0 sostenerle?<br \/>\n<\/strong>\u00abLe calunnie si pagano, sono sicura di quello che dico. Se un magistrato vuole chiamarmi, sono qui\u00bb.<\/span><\/p><\/blockquote>\n","protected":false},"excerpt":{"rendered":"<p>Brutte storie all&#8216;istituto di medicina &#8220;legale&#8221; Ha avuto una relazione con lui? \u00abDiciamo che l\u2019ho subita. Avance sessuali, avance pesanti, molto spinte, fin dai tempi della laurea\u00bb. Come ha reagito? \u00abPoich\u00e9 mi volevo laureare e non avevo voglia di trovarla lunga, sono stata zitta e mi sono adeguata&#8230; Poi ho scoperto che non ero n\u00e9 &#8230; <a title=\"Esami alla facolt\u00e0 di medicina\" class=\"read-more\" href=\"https:\/\/www.pasteris.it\/blog\/2008\/08\/22\/esami-alla-facolta-di-medicina\/\" aria-label=\"Per saperne di pi\u00f9 su Esami alla facolt\u00e0 di medicina\">Leggi tutto<\/a><\/p>\n","protected":false},"author":4,"featured_media":0,"comment_status":"open","ping_status":"open","sticky":false,"template":"","format":"standard","meta":{"footnotes":""},"categories":[],"tags":[2160],"class_list":["post-4775","post","type-post","status-publish","format-standard","hentry","tag-torino"],"_links":{"self":[{"href":"https:\/\/www.pasteris.it\/blog\/wp-json\/wp\/v2\/posts\/4775","targetHints":{"allow":["GET"]}}],"collection":[{"href":"https:\/\/www.pasteris.it\/blog\/wp-json\/wp\/v2\/posts"}],"about":[{"href":"https:\/\/www.pasteris.it\/blog\/wp-json\/wp\/v2\/types\/post"}],"author":[{"embeddable":true,"href":"https:\/\/www.pasteris.it\/blog\/wp-json\/wp\/v2\/users\/4"}],"replies":[{"embeddable":true,"href":"https:\/\/www.pasteris.it\/blog\/wp-json\/wp\/v2\/comments?post=4775"}],"version-history":[{"count":4,"href":"https:\/\/www.pasteris.it\/blog\/wp-json\/wp\/v2\/posts\/4775\/revisions"}],"predecessor-version":[{"id":4793,"href":"https:\/\/www.pasteris.it\/blog\/wp-json\/wp\/v2\/posts\/4775\/revisions\/4793"}],"wp:attachment":[{"href":"https:\/\/www.pasteris.it\/blog\/wp-json\/wp\/v2\/media?parent=4775"}],"wp:term":[{"taxonomy":"category","embeddable":true,"href":"https:\/\/www.pasteris.it\/blog\/wp-json\/wp\/v2\/categories?post=4775"},{"taxonomy":"post_tag","embeddable":true,"href":"https:\/\/www.pasteris.it\/blog\/wp-json\/wp\/v2\/tags?post=4775"}],"curies":[{"name":"wp","href":"https:\/\/api.w.org\/{rel}","templated":true}]}}