{"id":4817,"date":"2008-09-08T07:52:07","date_gmt":"2008-09-08T05:52:07","guid":{"rendered":"http:\/\/www.pasteris.it\/blog\/?p=4817"},"modified":"2008-09-05T08:37:29","modified_gmt":"2008-09-05T06:37:29","slug":"domenica-terribile","status":"publish","type":"post","link":"https:\/\/www.pasteris.it\/blog\/2008\/09\/08\/domenica-terribile\/","title":{"rendered":"Domenica Terribile"},"content":{"rendered":"<p>Il bloggante si scusa se il post pu\u00f2 sembrare di catttivo gusto, oramai l&#8217;estinta \u00e8 tale da due anni e si spera di non offendere nessuno, ma l&#8217;effetto paradossale \u00e8 notevole &#8230; Via <a href=\"http:\/\/amanda-diario.blog.lastampa.it\/\">Amanda<\/a><\/p>\n<p><img loading=\"lazy\" decoding=\"async\" class=\"alignnone\" title=\"terribile\" src=\"http:\/\/amanda-diario.blog.lastampa.it\/photos\/uncategorized\/2008\/08\/20\/domterribile.jpg\" alt=\"\" width=\"542\" height=\"407\" \/><\/p>\n","protected":false},"excerpt":{"rendered":"<p>Il bloggante si scusa se il post pu\u00f2 sembrare di catttivo gusto, oramai l&#8217;estinta \u00e8 tale da due anni e si spera di non offendere nessuno, ma l&#8217;effetto paradossale \u00e8 notevole &#8230; Via Amanda<\/p>\n","protected":false},"author":4,"featured_media":0,"comment_status":"open","ping_status":"open","sticky":false,"template":"","format":"standard","meta":{"footnotes":""},"categories":[],"tags":[2157,193],"class_list":["post-4817","post","type-post","status-publish","format-standard","hentry","tag-blog","tag-lastampa"],"_links":{"self":[{"href":"https:\/\/www.pasteris.it\/blog\/wp-json\/wp\/v2\/posts\/4817","targetHints":{"allow":["GET"]}}],"collection":[{"href":"https:\/\/www.pasteris.it\/blog\/wp-json\/wp\/v2\/posts"}],"about":[{"href":"https:\/\/www.pasteris.it\/blog\/wp-json\/wp\/v2\/types\/post"}],"author":[{"embeddable":true,"href":"https:\/\/www.pasteris.it\/blog\/wp-json\/wp\/v2\/users\/4"}],"replies":[{"embeddable":true,"href":"https:\/\/www.pasteris.it\/blog\/wp-json\/wp\/v2\/comments?post=4817"}],"version-history":[{"count":3,"href":"https:\/\/www.pasteris.it\/blog\/wp-json\/wp\/v2\/posts\/4817\/revisions"}],"predecessor-version":[{"id":5036,"href":"https:\/\/www.pasteris.it\/blog\/wp-json\/wp\/v2\/posts\/4817\/revisions\/5036"}],"wp:attachment":[{"href":"https:\/\/www.pasteris.it\/blog\/wp-json\/wp\/v2\/media?parent=4817"}],"wp:term":[{"taxonomy":"category","embeddable":true,"href":"https:\/\/www.pasteris.it\/blog\/wp-json\/wp\/v2\/categories?post=4817"},{"taxonomy":"post_tag","embeddable":true,"href":"https:\/\/www.pasteris.it\/blog\/wp-json\/wp\/v2\/tags?post=4817"}],"curies":[{"name":"wp","href":"https:\/\/api.w.org\/{rel}","templated":true}]}}