{"id":4943,"date":"2008-08-28T16:41:45","date_gmt":"2008-08-28T14:41:45","guid":{"rendered":"http:\/\/www.pasteris.it\/blog\/?p=4943"},"modified":"2008-08-30T16:46:34","modified_gmt":"2008-08-30T14:46:34","slug":"facebook-movie","status":"publish","type":"post","link":"https:\/\/www.pasteris.it\/blog\/2008\/08\/28\/facebook-movie\/","title":{"rendered":"Facebook movie"},"content":{"rendered":"<p><img loading=\"lazy\" decoding=\"async\" class=\"alignright\" title=\"Zuckerberg\" src=\"http:\/\/upload.wikimedia.org\/wikipedia\/commons\/thumb\/e\/ef\/MarkZuckerberg.jpg\/200px-MarkZuckerberg.jpg\" alt=\"\" width=\"200\" height=\"267\" \/>La Sony produrr\u00e0 un film interamente dedicato al social network di <a href=\"http:\/\/en.wikipedia.org\/wiki\/Mark_Zuckerberg\">Mark Zuckerberg<\/a>. A realizzarlo sar\u00e0 Aaron Sorkin. Sar\u00e0 soprattutto un film di storie personali, confidenze, amicizie: la ricostruzione di Facebook secondo Aaron Sorkin racconter\u00e0 i particolari della nascita del pi\u00f9 grande social networking del mondo e sar\u00e0 farcita dai racconti di vita di quei 132 milioni di utenti che ogni giorno intrecciano relazioni sul sito inventato dal giovanissimo Zuckerberg.<\/p>\n","protected":false},"excerpt":{"rendered":"<p>La Sony produrr\u00e0 un film interamente dedicato al social network di Mark Zuckerberg. A realizzarlo sar\u00e0 Aaron Sorkin. Sar\u00e0 soprattutto un film di storie personali, confidenze, amicizie: la ricostruzione di Facebook secondo Aaron Sorkin racconter\u00e0 i particolari della nascita del pi\u00f9 grande social networking del mondo e sar\u00e0 farcita dai racconti di vita di quei &#8230; <a title=\"Facebook movie\" class=\"read-more\" href=\"https:\/\/www.pasteris.it\/blog\/2008\/08\/28\/facebook-movie\/\" aria-label=\"Per saperne di pi\u00f9 su Facebook movie\">Leggi tutto<\/a><\/p>\n","protected":false},"author":4,"featured_media":0,"comment_status":"open","ping_status":"open","sticky":false,"template":"","format":"standard","meta":{"footnotes":""},"categories":[],"tags":[118,129,2168,2169],"class_list":["post-4943","post","type-post","status-publish","format-standard","hentry","tag-ebook","tag-facebook","tag-media","tag-mondo"],"_links":{"self":[{"href":"https:\/\/www.pasteris.it\/blog\/wp-json\/wp\/v2\/posts\/4943","targetHints":{"allow":["GET"]}}],"collection":[{"href":"https:\/\/www.pasteris.it\/blog\/wp-json\/wp\/v2\/posts"}],"about":[{"href":"https:\/\/www.pasteris.it\/blog\/wp-json\/wp\/v2\/types\/post"}],"author":[{"embeddable":true,"href":"https:\/\/www.pasteris.it\/blog\/wp-json\/wp\/v2\/users\/4"}],"replies":[{"embeddable":true,"href":"https:\/\/www.pasteris.it\/blog\/wp-json\/wp\/v2\/comments?post=4943"}],"version-history":[{"count":1,"href":"https:\/\/www.pasteris.it\/blog\/wp-json\/wp\/v2\/posts\/4943\/revisions"}],"predecessor-version":[{"id":4944,"href":"https:\/\/www.pasteris.it\/blog\/wp-json\/wp\/v2\/posts\/4943\/revisions\/4944"}],"wp:attachment":[{"href":"https:\/\/www.pasteris.it\/blog\/wp-json\/wp\/v2\/media?parent=4943"}],"wp:term":[{"taxonomy":"category","embeddable":true,"href":"https:\/\/www.pasteris.it\/blog\/wp-json\/wp\/v2\/categories?post=4943"},{"taxonomy":"post_tag","embeddable":true,"href":"https:\/\/www.pasteris.it\/blog\/wp-json\/wp\/v2\/tags?post=4943"}],"curies":[{"name":"wp","href":"https:\/\/api.w.org\/{rel}","templated":true}]}}