{"id":513,"date":"2006-07-14T14:48:47","date_gmt":"2006-07-14T12:48:47","guid":{"rendered":"http:\/\/www.pasteris.it\/blog\/archives\/513"},"modified":"2006-07-17T08:25:39","modified_gmt":"2006-07-17T06:25:39","slug":"la-juve-riparte-da-acqui-terme","status":"publish","type":"post","link":"https:\/\/www.pasteris.it\/blog\/2006\/07\/14\/la-juve-riparte-da-acqui-terme\/","title":{"rendered":"La Juve riparte da Acqui Terme"},"content":{"rendered":"<p><span id=\"Detail_DetailBody\" class=\"testo3310\" \/><img decoding=\"async\" align=\"right\" alt=\"Summer Village\" id=\"image516\" src=\"http:\/\/www.pasteris.it\/blog\/wp-content\/uploads\/2006\/07\/summervillage.miniatura.jpg\" \/>La <a href=\"http:\/\/www.juventus.com\">Juventus <\/a>probabilmente in serie B riparte da <a href=\"http:\/\/maps.google.it\/maps?f=q&#038;hl=it&#038;q=acqui+terme&#038;ie=UTF8&#038;t=h&#038;om=1&#038;ll=44.675977,8.470802&#038;spn=0.028747,0.086517\">Acqui Terme<\/a> dove inizia il ritiro il 15 giugno. La squadra sar\u00e0 ospitata al Grand Hotel Nuove Terme e si allener\u00e0 presso il centro sportivo di Mombarone . In piazza Italia sar\u00e0 allestito il Summer Village, dedicato ai tifosi dove sar\u00e0 possibile acquistare prodotti e gadget juventini. Sabato 15 luglio ci sar\u00e0 la <a target=\"_blank\" href=\"http:\/\/www.termediacqui.it\">notte bianca nera<\/a> con negozi aperti, eventi, musica, caccia al tesoro, degustazioni di vini e prodotti locali.<\/p>\n<p><span id=\"Detail_DetailBody\" class=\"testo3310\"> <\/span><\/p>\n","protected":false},"excerpt":{"rendered":"<p>La Juventus probabilmente in serie B riparte da Acqui Terme dove inizia il ritiro il 15 giugno. La squadra sar\u00e0 ospitata al Grand Hotel Nuove Terme e si allener\u00e0 presso il centro sportivo di Mombarone . In piazza Italia sar\u00e0 allestito il Summer Village, dedicato ai tifosi dove sar\u00e0 possibile acquistare prodotti e gadget juventini. &#8230; <a title=\"La Juve riparte da Acqui Terme\" class=\"read-more\" href=\"https:\/\/www.pasteris.it\/blog\/2006\/07\/14\/la-juve-riparte-da-acqui-terme\/\" aria-label=\"Per saperne di pi\u00f9 su La Juve riparte da Acqui Terme\">Leggi tutto<\/a><\/p>\n","protected":false},"author":4,"featured_media":0,"comment_status":"open","ping_status":"open","sticky":false,"template":"","format":"standard","meta":{"footnotes":""},"categories":[],"tags":[415,2157,162,61,1167,2168,237,2156],"class_list":["post-513","post","type-post","status-publish","format-standard","hentry","tag-arte","tag-blog","tag-google","tag-italia","tag-juventus","tag-media","tag-musica","tag-sport"],"_links":{"self":[{"href":"https:\/\/www.pasteris.it\/blog\/wp-json\/wp\/v2\/posts\/513","targetHints":{"allow":["GET"]}}],"collection":[{"href":"https:\/\/www.pasteris.it\/blog\/wp-json\/wp\/v2\/posts"}],"about":[{"href":"https:\/\/www.pasteris.it\/blog\/wp-json\/wp\/v2\/types\/post"}],"author":[{"embeddable":true,"href":"https:\/\/www.pasteris.it\/blog\/wp-json\/wp\/v2\/users\/4"}],"replies":[{"embeddable":true,"href":"https:\/\/www.pasteris.it\/blog\/wp-json\/wp\/v2\/comments?post=513"}],"version-history":[{"count":0,"href":"https:\/\/www.pasteris.it\/blog\/wp-json\/wp\/v2\/posts\/513\/revisions"}],"wp:attachment":[{"href":"https:\/\/www.pasteris.it\/blog\/wp-json\/wp\/v2\/media?parent=513"}],"wp:term":[{"taxonomy":"category","embeddable":true,"href":"https:\/\/www.pasteris.it\/blog\/wp-json\/wp\/v2\/categories?post=513"},{"taxonomy":"post_tag","embeddable":true,"href":"https:\/\/www.pasteris.it\/blog\/wp-json\/wp\/v2\/tags?post=513"}],"curies":[{"name":"wp","href":"https:\/\/api.w.org\/{rel}","templated":true}]}}