{"id":5130,"date":"2008-09-09T18:01:57","date_gmt":"2008-09-09T16:01:57","guid":{"rendered":"http:\/\/www.pasteris.it\/blog\/?p=5130"},"modified":"2008-09-09T18:01:57","modified_gmt":"2008-09-09T16:01:57","slug":"venerdi-parte-la-prima-blogfest","status":"publish","type":"post","link":"https:\/\/www.pasteris.it\/blog\/2008\/09\/09\/venerdi-parte-la-prima-blogfest\/","title":{"rendered":"Venerd\u00ec parte la prima Blogfest"},"content":{"rendered":"<p><a href=\"http:\/\/www.lastampa.it\/_web\/cmstp\/tmplrubriche\/tecnologia\/grubrica.asp?ID_blog=30&amp;ID_articolo=5094&amp;ID_sezione=38&amp;sezione=News\">Via Lastampa.it<\/a><\/p>\n<p>Il 12, 13 e 14 Settembre 2008 a Riva del Garda in provincia di Trento si terr\u00e0 la prima BlogFest italiana: un evento che riunir\u00e0 in un unico luogo, per la prima volta, tutto ci\u00f2 che in Italia gravita attorno al web. Un evento che in Italia non \u00e8 mai stato realizzato.<\/p>\n<p>Per tre giorni la rete si raduner\u00e0 per raccontarsi ed essere raccontata da chi la frequenta. L&#8217;intera cittadina di Riva del Garda metter\u00e0 a disposizione degli eventi della BlogFest i suoi spazi, le sue strade e il suo lago. In pi\u00f9, per l&#8217;occasione, Riva ha scelto di essere tra le prime localit\u00e0 italiane ad essere completamente coperta dal segnale wifi e ovunque sar\u00e0 possibile navigare in rete.<br \/>\n&#8230;<br \/>\n\u00abAbbiamo voluto coinvolgere tutta la citt\u00e0, compresi hotel, ostelli e perfino campeggi \u2013 racconta l&#8217;ideatore della manifestazione Gianluca Neri, gi\u00e0 fondatore del portale Clarence e autore del blog Macchianera.net \u2013 in modo che chiunque potesse scegliere un soggiorno adeguato alle proprie esigenze. Sar\u00e0 qualcosa a met\u00e0 tra la vecchia \u201cFesta di Cuore\u201d alla quale si partecipava in tenda, e il \u201cBurning Man Festival\u201d che si tiene nel deserto del Black Rock in America. Una sorta di \u201cgita delle medie\u201d dei blogger: divertimento, ma anche informazione\u00bb.<\/p>\n","protected":false},"excerpt":{"rendered":"<p>Via Lastampa.it Il 12, 13 e 14 Settembre 2008 a Riva del Garda in provincia di Trento si terr\u00e0 la prima BlogFest italiana: un evento che riunir\u00e0 in un unico luogo, per la prima volta, tutto ci\u00f2 che in Italia gravita attorno al web. Un evento che in Italia non \u00e8 mai stato realizzato. Per &#8230; <a title=\"Venerd\u00ec parte la prima Blogfest\" class=\"read-more\" href=\"https:\/\/www.pasteris.it\/blog\/2008\/09\/09\/venerdi-parte-la-prima-blogfest\/\" aria-label=\"Per saperne di pi\u00f9 su Venerd\u00ec parte la prima Blogfest\">Leggi tutto<\/a><\/p>\n","protected":false},"author":4,"featured_media":0,"comment_status":"open","ping_status":"open","sticky":false,"template":"","format":"standard","meta":{"footnotes":""},"categories":[],"tags":[415,2157,77,176,61,193,476,363],"class_list":["post-5130","post","type-post","status-publish","format-standard","hentry","tag-arte","tag-blog","tag-blogger","tag-informazione","tag-italia","tag-lastampa","tag-neri","tag-web"],"_links":{"self":[{"href":"https:\/\/www.pasteris.it\/blog\/wp-json\/wp\/v2\/posts\/5130","targetHints":{"allow":["GET"]}}],"collection":[{"href":"https:\/\/www.pasteris.it\/blog\/wp-json\/wp\/v2\/posts"}],"about":[{"href":"https:\/\/www.pasteris.it\/blog\/wp-json\/wp\/v2\/types\/post"}],"author":[{"embeddable":true,"href":"https:\/\/www.pasteris.it\/blog\/wp-json\/wp\/v2\/users\/4"}],"replies":[{"embeddable":true,"href":"https:\/\/www.pasteris.it\/blog\/wp-json\/wp\/v2\/comments?post=5130"}],"version-history":[{"count":2,"href":"https:\/\/www.pasteris.it\/blog\/wp-json\/wp\/v2\/posts\/5130\/revisions"}],"predecessor-version":[{"id":5132,"href":"https:\/\/www.pasteris.it\/blog\/wp-json\/wp\/v2\/posts\/5130\/revisions\/5132"}],"wp:attachment":[{"href":"https:\/\/www.pasteris.it\/blog\/wp-json\/wp\/v2\/media?parent=5130"}],"wp:term":[{"taxonomy":"category","embeddable":true,"href":"https:\/\/www.pasteris.it\/blog\/wp-json\/wp\/v2\/categories?post=5130"},{"taxonomy":"post_tag","embeddable":true,"href":"https:\/\/www.pasteris.it\/blog\/wp-json\/wp\/v2\/tags?post=5130"}],"curies":[{"name":"wp","href":"https:\/\/api.w.org\/{rel}","templated":true}]}}