{"id":5281,"date":"2008-09-18T11:44:50","date_gmt":"2008-09-18T09:44:50","guid":{"rendered":"http:\/\/www.pasteris.it\/blog\/?p=5281"},"modified":"2008-09-18T08:52:25","modified_gmt":"2008-09-18T06:52:25","slug":"piove-dio-blogger","status":"publish","type":"post","link":"https:\/\/www.pasteris.it\/blog\/2008\/09\/18\/piove-dio-blogger\/","title":{"rendered":"Piove, dio blogger"},"content":{"rendered":"<p>Via Macchianera<\/p>\n<blockquote><p>Un giornalista mi ha chiesto <em>\u201cchi ha vinto, in questa BlogFest?\u201d<\/em>. Va reso onore agli avversari: ha vinto la pioggia, uno a zero, ma ora c\u2019\u00e8 la partita di ritorno.<br \/>\nIo, alla fine di quei tre giorni di meteo modello giudizio universale, ho capito una cosa: che se dio esiste non \u00e8 un blogger. Al massimo ha un profilo su <strong>Facebook<\/strong>.<br \/>\nIn ogni caso, come ho pi\u00f9 volte ripetuto nel corso della festa a chi me lo chiedeva: abbiamo avuto un tempo orrendo e una tromba d\u2019aria; significa che il prossimo anno nessuno potr\u00e0 dire <em>\u201cah, ma la prima era tutta un\u2019altra cosa\u201d<\/em>.<\/p>\n<p>&#8230;<\/p>\n<p>Qui esce fuori la parte di me che potrebbe sembrare ruffiana e invece, credetemi, parla col cuore. Siete stati tutti gentili, amabili, premurosi e affabili. Mi avete trasmesso un entusiasmo di cui non posso che esservi infinitamente grato. Vi parr\u00e0 strano, ma che non ci sia stata una persona una che si sia presentata specificando <em>\u201cSalve, sono Tizio e tu, Macchianera, mi stai sulle balle sin da quando hai iniziato, cos\u00ec come mi staranno sulle balle tutti i tuoi discendenti fino alla settima generazione, dopodich\u00e9 vedremo\u201d<\/em> a me ha fatto toccare il cielo con un dito. E me lo sono bagnato, il dito, perch\u00e9 il cielo non era messo bene.<\/p>\n<p>&#8230;<\/p>\n<p>E\u2019 la stata la conferma ad una cosa che penso da quando mi \u00e8 venuta l\u2019idea di riproporre la BlogFest: il programma \u00e8 soltanto lo scheletro ed \u00e8 tutto sommato accessorio. Quel che davvero \u00e8 imperdibile e speciale \u00e8 ci\u00f2 che succede a margine, quando le persone si incontrano.<\/p><\/blockquote>\n<p><a href=\"http:\/\/www.macchianera.net\/2008\/09\/17\/blogfest-aggregator-la-rassegna-stampa\/\">Qui la rassegna stampa<\/a><\/p>\n","protected":false},"excerpt":{"rendered":"<p>Via Macchianera Un giornalista mi ha chiesto \u201cchi ha vinto, in questa BlogFest?\u201d. Va reso onore agli avversari: ha vinto la pioggia, uno a zero, ma ora c\u2019\u00e8 la partita di ritorno. Io, alla fine di quei tre giorni di meteo modello giudizio universale, ho capito una cosa: che se dio esiste non \u00e8 un &#8230; <a title=\"Piove, dio blogger\" class=\"read-more\" href=\"https:\/\/www.pasteris.it\/blog\/2008\/09\/18\/piove-dio-blogger\/\" aria-label=\"Per saperne di pi\u00f9 su Piove, dio blogger\">Leggi tutto<\/a><\/p>\n","protected":false},"author":4,"featured_media":0,"comment_status":"open","ping_status":"open","sticky":false,"template":"","format":"standard","meta":{"footnotes":""},"categories":[],"tags":[415,2157,77,118,129,159,404,561],"class_list":["post-5281","post","type-post","status-publish","format-standard","hentry","tag-arte","tag-blog","tag-blogger","tag-ebook","tag-facebook","tag-giornali","tag-meteo","tag-tempo"],"_links":{"self":[{"href":"https:\/\/www.pasteris.it\/blog\/wp-json\/wp\/v2\/posts\/5281","targetHints":{"allow":["GET"]}}],"collection":[{"href":"https:\/\/www.pasteris.it\/blog\/wp-json\/wp\/v2\/posts"}],"about":[{"href":"https:\/\/www.pasteris.it\/blog\/wp-json\/wp\/v2\/types\/post"}],"author":[{"embeddable":true,"href":"https:\/\/www.pasteris.it\/blog\/wp-json\/wp\/v2\/users\/4"}],"replies":[{"embeddable":true,"href":"https:\/\/www.pasteris.it\/blog\/wp-json\/wp\/v2\/comments?post=5281"}],"version-history":[{"count":3,"href":"https:\/\/www.pasteris.it\/blog\/wp-json\/wp\/v2\/posts\/5281\/revisions"}],"predecessor-version":[{"id":5285,"href":"https:\/\/www.pasteris.it\/blog\/wp-json\/wp\/v2\/posts\/5281\/revisions\/5285"}],"wp:attachment":[{"href":"https:\/\/www.pasteris.it\/blog\/wp-json\/wp\/v2\/media?parent=5281"}],"wp:term":[{"taxonomy":"category","embeddable":true,"href":"https:\/\/www.pasteris.it\/blog\/wp-json\/wp\/v2\/categories?post=5281"},{"taxonomy":"post_tag","embeddable":true,"href":"https:\/\/www.pasteris.it\/blog\/wp-json\/wp\/v2\/tags?post=5281"}],"curies":[{"name":"wp","href":"https:\/\/api.w.org\/{rel}","templated":true}]}}