{"id":5311,"date":"2008-09-21T21:40:59","date_gmt":"2008-09-21T19:40:59","guid":{"rendered":"http:\/\/www.pasteris.it\/blog\/?p=5311"},"modified":"2008-09-19T08:42:43","modified_gmt":"2008-09-19T06:42:43","slug":"la-notte-dei-ricercatori-2008","status":"publish","type":"post","link":"https:\/\/www.pasteris.it\/blog\/2008\/09\/21\/la-notte-dei-ricercatori-2008\/","title":{"rendered":"La Notte dei Ricercatori 2008"},"content":{"rendered":"<p><a href=\"http:\/\/www.torinovalley.com\/blog\/wp-content\/uploads\/2008\/09\/nottericercatori2008.jpg\"><img loading=\"lazy\" decoding=\"async\" class=\"size-medium wp-image-821 alignright\" title=\"nottericercatori2008\" src=\"http:\/\/www.torinovalley.com\/blog\/wp-content\/uploads\/2008\/09\/nottericercatori2008-300x113.jpg\" alt=\"\" width=\"300\" height=\"113\" \/><\/a><\/p>\n<p>Via <a href=\"http:\/\/www.torinovalley.com\/blog\/2008\/09\/19\/la-notte-dei-ricercatori-2008\/\">Torino Valley Blog<\/a><\/p>\n<p>Anche quest\u2019anno, il 26 settembre 2008, in Piemonte e Valle D\u2019Aosta e in tutta Italia verr\u00e0 organizzata la <a href=\"http:\/\/www.researchersnight.it\/\">Notte dei Ricercatori<\/a>.<\/p>\n<p>A Torino, Alessandria, Biella, Novara, Vercelli e Aosta il pubblico di ogni et\u00e0 potr\u00e0 conoscere da vicino il mondo della ricerca e della scienza, in un immaginario percorso di esperimenti, prototipi, spettacoli e giochi.<\/p>\n<p>La Notte dei ricercatori\u201d \u00e8 un evento promosso dalla Commissione Europea, e si svolge contemporaneamente il 26 settembre 2008 in pi\u00f9 di 200 citt\u00e0 europee. L\u2019obiettivo \u00e8\u00a0 avvicinare il grande pubblico al mondo della ricerca, in un contesto informale all\u2019insegna del divertimento<\/p>\n","protected":false},"excerpt":{"rendered":"<p>Via Torino Valley Blog Anche quest\u2019anno, il 26 settembre 2008, in Piemonte e Valle D\u2019Aosta e in tutta Italia verr\u00e0 organizzata la Notte dei Ricercatori. A Torino, Alessandria, Biella, Novara, Vercelli e Aosta il pubblico di ogni et\u00e0 potr\u00e0 conoscere da vicino il mondo della ricerca e della scienza, in un immaginario percorso di esperimenti, &#8230; <a title=\"La Notte dei Ricercatori 2008\" class=\"read-more\" href=\"https:\/\/www.pasteris.it\/blog\/2008\/09\/21\/la-notte-dei-ricercatori-2008\/\" aria-label=\"Per saperne di pi\u00f9 su La Notte dei Ricercatori 2008\">Leggi tutto<\/a><\/p>\n","protected":false},"author":4,"featured_media":0,"comment_status":"open","ping_status":"open","sticky":false,"template":"","format":"standard","meta":{"footnotes":""},"categories":[],"tags":[2160],"class_list":["post-5311","post","type-post","status-publish","format-standard","hentry","tag-torino"],"_links":{"self":[{"href":"https:\/\/www.pasteris.it\/blog\/wp-json\/wp\/v2\/posts\/5311","targetHints":{"allow":["GET"]}}],"collection":[{"href":"https:\/\/www.pasteris.it\/blog\/wp-json\/wp\/v2\/posts"}],"about":[{"href":"https:\/\/www.pasteris.it\/blog\/wp-json\/wp\/v2\/types\/post"}],"author":[{"embeddable":true,"href":"https:\/\/www.pasteris.it\/blog\/wp-json\/wp\/v2\/users\/4"}],"replies":[{"embeddable":true,"href":"https:\/\/www.pasteris.it\/blog\/wp-json\/wp\/v2\/comments?post=5311"}],"version-history":[{"count":1,"href":"https:\/\/www.pasteris.it\/blog\/wp-json\/wp\/v2\/posts\/5311\/revisions"}],"predecessor-version":[{"id":5312,"href":"https:\/\/www.pasteris.it\/blog\/wp-json\/wp\/v2\/posts\/5311\/revisions\/5312"}],"wp:attachment":[{"href":"https:\/\/www.pasteris.it\/blog\/wp-json\/wp\/v2\/media?parent=5311"}],"wp:term":[{"taxonomy":"category","embeddable":true,"href":"https:\/\/www.pasteris.it\/blog\/wp-json\/wp\/v2\/categories?post=5311"},{"taxonomy":"post_tag","embeddable":true,"href":"https:\/\/www.pasteris.it\/blog\/wp-json\/wp\/v2\/tags?post=5311"}],"curies":[{"name":"wp","href":"https:\/\/api.w.org\/{rel}","templated":true}]}}