{"id":5540,"date":"2008-10-04T15:53:31","date_gmt":"2008-10-04T13:53:31","guid":{"rendered":"http:\/\/www.pasteris.it\/blog\/?p=5540"},"modified":"2008-10-04T15:53:31","modified_gmt":"2008-10-04T13:53:31","slug":"le-proprie-ambizioni-non-in-secondo-ma-in-quinto-piano","status":"publish","type":"post","link":"https:\/\/www.pasteris.it\/blog\/2008\/10\/04\/le-proprie-ambizioni-non-in-secondo-ma-in-quinto-piano\/","title":{"rendered":"Le proprie ambizioni non in secondo, ma in quinto piano"},"content":{"rendered":"<p>Via <a href=\"http:\/\/www.wittgenstein.it\/2008\/10\/03\/un-giorno-alle-corse-2\/#more-9999\">Luca Sofri<\/a><\/p>\n<p>Bene, non pretendo di spiegare a persone molto pi\u00f9 esperte e competenti di me quali contenuti dare al presente e al futuro del Partito Democratico. Non sto parlando di contenuti, come vedete, e non sarei all\u2019altezza di discussioni molto approfondite ed elaborate che avvengono dentro questo partito. E dichiaro che quando una cosa mi pare particolarmente assurda e incomprensibile, tendo a pensare sempre che mi sfugga qualcosa, prima di dire \u201c\u00e8 assurdo!\u201d. Dove non vedo spiegazione, la chiedo, prima di volermene creare una che mi piaccia. Sull\u2019anacronistica pigrizia e inadeguatezza della classe dirigente italiana \u2013 non parlo di quella di destra, che \u00e8 al di l\u00e0 delle possibilit\u00e0 di analisi \u2013 per esempio ho chiesto molto in giro, e solo in assenza di altre giustificazioni o valide obiezioni ho dovuto convincermi che si spiega solo con pigrizie, vanit\u00e0, mediocrit\u00e0, egoismi e presunzioni umane. Normale, le abbiamo tutti, anch\u2019io e parecchie: e infatti ho evitato di fare un lavoro che dovesse mettermi al servizio degli altri, come la politica. Per fare politica, soprattutto di questi tempi, ci vuole la capacit\u00e0 di mettere se stessi e le proprie ambizioni non in secondo, ma in quinto piano: o la capacit\u00e0 di soddisfarle, le proprie ambizioni, fingendo di non averne. E temo che se ce ne andiamo da qui, tutti noi che non soddisfiamo questo requisito, restano davvero in pochi.<\/p>\n","protected":false},"excerpt":{"rendered":"<p>Via Luca Sofri Bene, non pretendo di spiegare a persone molto pi\u00f9 esperte e competenti di me quali contenuti dare al presente e al futuro del Partito Democratico. Non sto parlando di contenuti, come vedete, e non sarei all\u2019altezza di discussioni molto approfondite ed elaborate che avvengono dentro questo partito. E dichiaro che quando una &#8230; <a title=\"Le proprie ambizioni non in secondo, ma in quinto piano\" class=\"read-more\" href=\"https:\/\/www.pasteris.it\/blog\/2008\/10\/04\/le-proprie-ambizioni-non-in-secondo-ma-in-quinto-piano\/\" aria-label=\"Per saperne di pi\u00f9 su Le proprie ambizioni non in secondo, ma in quinto piano\">Leggi tutto<\/a><\/p>\n","protected":false},"author":4,"featured_media":0,"comment_status":"open","ping_status":"open","sticky":false,"template":"","format":"standard","meta":{"footnotes":""},"categories":[],"tags":[453,61,2154,426,477],"class_list":["post-5540","post","type-post","status-publish","format-standard","hentry","tag-futuro","tag-italia","tag-politica","tag-lavoro","tag-sofri"],"_links":{"self":[{"href":"https:\/\/www.pasteris.it\/blog\/wp-json\/wp\/v2\/posts\/5540","targetHints":{"allow":["GET"]}}],"collection":[{"href":"https:\/\/www.pasteris.it\/blog\/wp-json\/wp\/v2\/posts"}],"about":[{"href":"https:\/\/www.pasteris.it\/blog\/wp-json\/wp\/v2\/types\/post"}],"author":[{"embeddable":true,"href":"https:\/\/www.pasteris.it\/blog\/wp-json\/wp\/v2\/users\/4"}],"replies":[{"embeddable":true,"href":"https:\/\/www.pasteris.it\/blog\/wp-json\/wp\/v2\/comments?post=5540"}],"version-history":[{"count":1,"href":"https:\/\/www.pasteris.it\/blog\/wp-json\/wp\/v2\/posts\/5540\/revisions"}],"predecessor-version":[{"id":5541,"href":"https:\/\/www.pasteris.it\/blog\/wp-json\/wp\/v2\/posts\/5540\/revisions\/5541"}],"wp:attachment":[{"href":"https:\/\/www.pasteris.it\/blog\/wp-json\/wp\/v2\/media?parent=5540"}],"wp:term":[{"taxonomy":"category","embeddable":true,"href":"https:\/\/www.pasteris.it\/blog\/wp-json\/wp\/v2\/categories?post=5540"},{"taxonomy":"post_tag","embeddable":true,"href":"https:\/\/www.pasteris.it\/blog\/wp-json\/wp\/v2\/tags?post=5540"}],"curies":[{"name":"wp","href":"https:\/\/api.w.org\/{rel}","templated":true}]}}