{"id":5761,"date":"2008-09-27T12:35:53","date_gmt":"2008-09-27T10:35:53","guid":{"rendered":"http:\/\/www.pasteris.it\/blog\/?p=5761"},"modified":"2008-10-16T12:38:36","modified_gmt":"2008-10-16T10:38:36","slug":"il-perche-della-politica-nei-giornali","status":"publish","type":"post","link":"https:\/\/www.pasteris.it\/blog\/2008\/09\/27\/il-perche-della-politica-nei-giornali\/","title":{"rendered":"Il perch\u00e8 della politica nei giornali"},"content":{"rendered":"<p>Via <a href=\"http:\/\/www.primaonline.it\/opinioni\/dettaglio.asp?id=5365\">Prima Comunicazione<\/a><br \/>\n\u201cIl giornalismo scritto \u00e8 ancora il nucleo duro del giornalismo italiano. La carta, tuttora, conserva un elemento di autorevolezza e credibilit\u00e0 che non si pu\u00f2 attribuire a Internet. \u00c8 quello che ci \u00e8 rimasto e che va conservato con molta attenzione. Forse \u00e8 l\u2019ultimo bene che ci \u00e8 rimasto\u201d, dice Anselmi.<br \/>\n\u201cI giornali contano poco nell\u2019opinione pubblica, che \u00e8 molto pi\u00f9 influenzata dalla televisione, ma contano ancora molto nell\u2019establishment e fra gli opinion maker. Un giornale che scegliesse un taglio esclusivamente popolare, che ignorasse deliberatamente la politica e l\u2019establishment, verrebbe respinto dal pubblico\u201d, sostiene il direttore della Stampa.<br \/>\n\u201cPer\u00f2 \u00e8 vero che in Italia il giornalismo politico \u00e8 particolarmente attardato\u201d, continua Anselmi. \u201cE una parte del problema \u00e8 che, nel rapporto fra giornalismo e politica, ci sono elementi di vicinanza eccessiva. Ci sono giornalisti che sanno un sacco di cose che tengono per s\u00e9\u201d.<\/p>\n","protected":false},"excerpt":{"rendered":"<p>Via Prima Comunicazione \u201cIl giornalismo scritto \u00e8 ancora il nucleo duro del giornalismo italiano. La carta, tuttora, conserva un elemento di autorevolezza e credibilit\u00e0 che non si pu\u00f2 attribuire a Internet. \u00c8 quello che ci \u00e8 rimasto e che va conservato con molta attenzione. Forse \u00e8 l\u2019ultimo bene che ci \u00e8 rimasto\u201d, dice Anselmi. \u201cI &#8230; <a title=\"Il perch\u00e8 della politica nei giornali\" class=\"read-more\" href=\"https:\/\/www.pasteris.it\/blog\/2008\/09\/27\/il-perche-della-politica-nei-giornali\/\" aria-label=\"Per saperne di pi\u00f9 su Il perch\u00e8 della politica nei giornali\">Leggi tutto<\/a><\/p>\n","protected":false},"author":4,"featured_media":0,"comment_status":"open","ping_status":"open","sticky":false,"template":"","format":"standard","meta":{"footnotes":""},"categories":[],"tags":[415,159,160,161,2155,2154,61,36,332],"class_list":["post-5761","post","type-post","status-publish","format-standard","hentry","tag-arte","tag-giornali","tag-giornalismo","tag-giornalisti","tag-internet","tag-politica","tag-italia","tag-tag","tag-televisione"],"_links":{"self":[{"href":"https:\/\/www.pasteris.it\/blog\/wp-json\/wp\/v2\/posts\/5761","targetHints":{"allow":["GET"]}}],"collection":[{"href":"https:\/\/www.pasteris.it\/blog\/wp-json\/wp\/v2\/posts"}],"about":[{"href":"https:\/\/www.pasteris.it\/blog\/wp-json\/wp\/v2\/types\/post"}],"author":[{"embeddable":true,"href":"https:\/\/www.pasteris.it\/blog\/wp-json\/wp\/v2\/users\/4"}],"replies":[{"embeddable":true,"href":"https:\/\/www.pasteris.it\/blog\/wp-json\/wp\/v2\/comments?post=5761"}],"version-history":[{"count":1,"href":"https:\/\/www.pasteris.it\/blog\/wp-json\/wp\/v2\/posts\/5761\/revisions"}],"predecessor-version":[{"id":5762,"href":"https:\/\/www.pasteris.it\/blog\/wp-json\/wp\/v2\/posts\/5761\/revisions\/5762"}],"wp:attachment":[{"href":"https:\/\/www.pasteris.it\/blog\/wp-json\/wp\/v2\/media?parent=5761"}],"wp:term":[{"taxonomy":"category","embeddable":true,"href":"https:\/\/www.pasteris.it\/blog\/wp-json\/wp\/v2\/categories?post=5761"},{"taxonomy":"post_tag","embeddable":true,"href":"https:\/\/www.pasteris.it\/blog\/wp-json\/wp\/v2\/tags?post=5761"}],"curies":[{"name":"wp","href":"https:\/\/api.w.org\/{rel}","templated":true}]}}