{"id":5808,"date":"2008-10-19T08:18:37","date_gmt":"2008-10-19T06:18:37","guid":{"rendered":"http:\/\/www.pasteris.it\/blog\/?p=5808"},"modified":"2008-10-19T08:18:37","modified_gmt":"2008-10-19T06:18:37","slug":"finanza-creativa-addio","status":"publish","type":"post","link":"https:\/\/www.pasteris.it\/blog\/2008\/10\/19\/finanza-creativa-addio\/","title":{"rendered":"Finanza creativa addio"},"content":{"rendered":"<p><a href=\"http:\/\/www.lastampa.it\/redazione\/cmsSezioni\/economia\/200810articoli\/37429girata.asp\">Luca Ricolfi <\/a>intervista Montezemolo su Lastampa.it<\/p>\n<blockquote><p>Dal suo osservatorio che crisi \u00e8 questa? Che ripercussioni avr\u00e0 sull\u2019economia? E\u2019 d\u2019accordo con chi prevede che la ripresa arriver\u00e0 a fine 2009? La mia impressione \u00e8 che si tratti di una stima al momento ottimistica.<br \/>\n\u00abE\u2019 troppo presto per dire cosa accadr\u00e0 e come cambier\u00e0 il mondo. Di certo la crisi \u00e8 strutturale e sar\u00e0 ancora molto lunga. Fino ad ora ne abbiamo sperimentato soprattutto gli effetti finanziari e solo le prime ricadute che avr\u00e0 sull\u2019economia reale e sui consumi. Quel che conta \u00e8 ricordarsi la lezione di Roosevelt: &#8220;L&#8217;unica cosa di cui dobbiamo avere paura \u00e8 la paura stessa&#8221;. E occorre avere fiducia, anzi farla diventare una malattia contagiosa\u00bb.<\/p>\n<p><!--more--><\/p>\n<p>Che intende quando parla di un mondo che cambia?<br \/>\n\u00abLa lunga fase espansiva che abbiamo vissuto ha provocato distorsioni che ora vengono corrette in modo traumatico. E\u2019 accaduto in passato e accadr\u00e0 ancora. I momenti in cui preoccuparsi di pi\u00f9 sono quelli di boom borsistico e facili guadagni, che ciclicamente coincidono con una fase di degenerazione del capitalismo. I momenti di crisi sono quelli in cui il capitalismo si rigenera. Finisce l\u2019eccessivo ricorso alla leva finanziaria, tornano a prevalere i fondamentali, la fabbrica, il lavoro di chi sa innovare e rischiare. Noi imprenditori abbiamo il dovere di continuare a credere nel Paese, tenere i nervi saldi, investire con maggiori mezzi propri, perch\u00e9 le imprese sono troppo poco capitalizzate. Altro che fine del capitalismo, questo \u00e8 il capitalismo sano\u00bb.<\/p>\n<p>Ma di chi \u00e8 la colpa di quanto accaduto? Ci sar\u00e0 pur qualcuno che dovr\u00e0 pagare.<br \/>\n\u00abAttenzione, sarebbe sbagliato mettere l\u2019industria contro la finanza, ma bisogna dire le cose come stanno: i mutamenti riguarderanno anzitutto il settore creditizio, dove l\u2019ingordigia e la speculazione, soprattutto americana, hanno prodotto la distruzione di risorse che cittadini ed imprese gli avevano affidato. Speriamo si chiuda definitivamente la stagione della finanza creativa &#8211; nel pubblico e nel privato &#8211; e delle ricchezze costruite sulla speculazione\u00bb.<\/p><\/blockquote>\n","protected":false},"excerpt":{"rendered":"<p>Luca Ricolfi intervista Montezemolo su Lastampa.it Dal suo osservatorio che crisi \u00e8 questa? Che ripercussioni avr\u00e0 sull\u2019economia? E\u2019 d\u2019accordo con chi prevede che la ripresa arriver\u00e0 a fine 2009? La mia impressione \u00e8 che si tratti di una stima al momento ottimistica. \u00abE\u2019 troppo presto per dire cosa accadr\u00e0 e come cambier\u00e0 il mondo. Di &#8230; <a title=\"Finanza creativa addio\" class=\"read-more\" href=\"https:\/\/www.pasteris.it\/blog\/2008\/10\/19\/finanza-creativa-addio\/\" aria-label=\"Per saperne di pi\u00f9 su Finanza creativa addio\">Leggi tutto<\/a><\/p>\n","protected":false},"author":4,"featured_media":0,"comment_status":"open","ping_status":"open","sticky":false,"template":"","format":"standard","meta":{"footnotes":""},"categories":[],"tags":[379,135,193,426,2169,36],"class_list":["post-5808","post","type-post","status-publish","format-standard","hentry","tag-crisi","tag-finanza","tag-lastampa","tag-lavoro","tag-mondo","tag-tag"],"_links":{"self":[{"href":"https:\/\/www.pasteris.it\/blog\/wp-json\/wp\/v2\/posts\/5808","targetHints":{"allow":["GET"]}}],"collection":[{"href":"https:\/\/www.pasteris.it\/blog\/wp-json\/wp\/v2\/posts"}],"about":[{"href":"https:\/\/www.pasteris.it\/blog\/wp-json\/wp\/v2\/types\/post"}],"author":[{"embeddable":true,"href":"https:\/\/www.pasteris.it\/blog\/wp-json\/wp\/v2\/users\/4"}],"replies":[{"embeddable":true,"href":"https:\/\/www.pasteris.it\/blog\/wp-json\/wp\/v2\/comments?post=5808"}],"version-history":[{"count":1,"href":"https:\/\/www.pasteris.it\/blog\/wp-json\/wp\/v2\/posts\/5808\/revisions"}],"predecessor-version":[{"id":5809,"href":"https:\/\/www.pasteris.it\/blog\/wp-json\/wp\/v2\/posts\/5808\/revisions\/5809"}],"wp:attachment":[{"href":"https:\/\/www.pasteris.it\/blog\/wp-json\/wp\/v2\/media?parent=5808"}],"wp:term":[{"taxonomy":"category","embeddable":true,"href":"https:\/\/www.pasteris.it\/blog\/wp-json\/wp\/v2\/categories?post=5808"},{"taxonomy":"post_tag","embeddable":true,"href":"https:\/\/www.pasteris.it\/blog\/wp-json\/wp\/v2\/tags?post=5808"}],"curies":[{"name":"wp","href":"https:\/\/api.w.org\/{rel}","templated":true}]}}