{"id":5958,"date":"2008-10-28T11:03:40","date_gmt":"2008-10-28T09:03:40","guid":{"rendered":"http:\/\/www.pasteris.it\/blog\/?p=5958"},"modified":"2008-10-28T11:03:40","modified_gmt":"2008-10-28T09:03:40","slug":"vendredi-dal-web-alla-carta","status":"publish","type":"post","link":"https:\/\/www.pasteris.it\/blog\/2008\/10\/28\/vendredi-dal-web-alla-carta\/","title":{"rendered":"Vendredi dal web alla carta"},"content":{"rendered":"<p><a href=\"http:\/\/www.lsdi.it\/2008\/10\/26\/vendredi-su-carta-il-meglio-del-web\/\">Via LSDI<\/a><\/p>\n<blockquote><p>E\u2019 al suo secondo numero <a href=\"http:\/\/www.vendredi.info\/\"> <em>Vendredi<\/em><\/a><em>,<\/em> la rivista francese su carta che  raccoglie il meglio del web. Ha un tono aspro e graffiante, costa 1,5 euro, viene tirato per ora in 220.000 copie e dovrebbe raggiungere l\u2019 equilibrio economico fra le 30.000 e le 35.000 copie vendute, cosa che dovrebbe avvenire entro il primo trimestre del 2009.<\/p>\n<p>Il sommario di questa settimana prevede, fra l\u2019 altro,  servizi sui <strong>Bankster, <\/strong>sulle debolezze della \u201ccarne\u201d di Dominique Strass-Kan e sulla politica di Sarkozy nei confronti dei media (\u201cIl Net e il Nulla\u201d), tratti da alcuni dei principali siti web d\u2019 oltralpe: non solo siti giornalistici, ma anche blog naturalmente.<\/p>\n<p>Alla base del progetto Jacques Rosselin, fondatore 20 anni fa della rivista <em>Courrier  International<\/em> . \u201cHo avuto lo stesso scatto interno di quando creai il <em>Corriere<\/em> \u2013 spiega -: c\u2019 \u00e8 una gran quantit\u00e0 di informazioni accanto a cui le persone passano senza fermarsi per mancanza di tempo e c\u2019 \u00e8 uno sguardo diverso sull\u2019 attualit\u00e0 portato dai blogger, il cui tono \u00e8 pi\u00f9 libero, pi\u00f9 impertinente che nei giornali, visto che loro lavorano in totale indipendenza, senza logica economica\u201d.<\/p>\n<p>L\u2019 \u00e9quipe di <em>Vendredi<\/em>, &#8211; <a href=\"http:\/\/www.lemonde.fr\/actualite-medias\/article\/2008\/10\/16\/le-meilleur-du-net-sur-papier_1107960_3236.html\">racconta su le Monde.fr Pascale Santi <\/a>\u2013 \u00e8 composta da una dozzina di persone, cinque delle quali sono giornalisti, e utilizza circa 400 fonti (siti e blog) soprattutto francesi.<\/p>\n<p>In un editoriale pubblicato in prima pagina sul primo numero, il redattore capo, Philippe Cohen, afferma che \u201cl\u2019 audacia intellettuale, il coraggio, l\u2019 indipendenza, hanno trovato rifugio su Internet\u201d. Naturalmente \u201cbisogna saper cercarli e, soprattutto, trovarli. E questo \u00e8 lo scopo di questo giornale\u201d, aggiunge.<\/p><\/blockquote>\n","protected":false},"excerpt":{"rendered":"<p>Via LSDI E\u2019 al suo secondo numero Vendredi, la rivista francese su carta che raccoglie il meglio del web. Ha un tono aspro e graffiante, costa 1,5 euro, viene tirato per ora in 220.000 copie e dovrebbe raggiungere l\u2019 equilibrio economico fra le 30.000 e le 35.000 copie vendute, cosa che dovrebbe avvenire entro il &#8230; <a title=\"Vendredi dal web alla carta\" class=\"read-more\" href=\"https:\/\/www.pasteris.it\/blog\/2008\/10\/28\/vendredi-dal-web-alla-carta\/\" aria-label=\"Per saperne di pi\u00f9 su Vendredi dal web alla carta\">Leggi tutto<\/a><\/p>\n","protected":false},"author":4,"featured_media":0,"comment_status":"open","ping_status":"open","sticky":false,"template":"","format":"standard","meta":{"footnotes":""},"categories":[],"tags":[2157,77,107,121,159,161,2155,2154,198,2168,561,363],"class_list":["post-5958","post","type-post","status-publish","format-standard","hentry","tag-blog","tag-blogger","tag-corriere","tag-editoria","tag-giornali","tag-giornalisti","tag-internet","tag-politica","tag-libri","tag-media","tag-tempo","tag-web"],"_links":{"self":[{"href":"https:\/\/www.pasteris.it\/blog\/wp-json\/wp\/v2\/posts\/5958","targetHints":{"allow":["GET"]}}],"collection":[{"href":"https:\/\/www.pasteris.it\/blog\/wp-json\/wp\/v2\/posts"}],"about":[{"href":"https:\/\/www.pasteris.it\/blog\/wp-json\/wp\/v2\/types\/post"}],"author":[{"embeddable":true,"href":"https:\/\/www.pasteris.it\/blog\/wp-json\/wp\/v2\/users\/4"}],"replies":[{"embeddable":true,"href":"https:\/\/www.pasteris.it\/blog\/wp-json\/wp\/v2\/comments?post=5958"}],"version-history":[{"count":1,"href":"https:\/\/www.pasteris.it\/blog\/wp-json\/wp\/v2\/posts\/5958\/revisions"}],"predecessor-version":[{"id":5959,"href":"https:\/\/www.pasteris.it\/blog\/wp-json\/wp\/v2\/posts\/5958\/revisions\/5959"}],"wp:attachment":[{"href":"https:\/\/www.pasteris.it\/blog\/wp-json\/wp\/v2\/media?parent=5958"}],"wp:term":[{"taxonomy":"category","embeddable":true,"href":"https:\/\/www.pasteris.it\/blog\/wp-json\/wp\/v2\/categories?post=5958"},{"taxonomy":"post_tag","embeddable":true,"href":"https:\/\/www.pasteris.it\/blog\/wp-json\/wp\/v2\/tags?post=5958"}],"curies":[{"name":"wp","href":"https:\/\/api.w.org\/{rel}","templated":true}]}}