{"id":6175,"date":"2008-11-12T09:56:37","date_gmt":"2008-11-12T08:56:37","guid":{"rendered":"http:\/\/www.pasteris.it\/blog\/?p=6175"},"modified":"2008-12-19T08:03:28","modified_gmt":"2008-12-19T07:03:28","slug":"lastampait-e-teleservizi","status":"publish","type":"post","link":"https:\/\/www.pasteris.it\/blog\/2008\/11\/12\/lastampait-e-teleservizi\/","title":{"rendered":"Lastampa.it. E&#8217; l&#8217;ora di Teleservizi ?"},"content":{"rendered":"<p><a href=\"http:\/\/www.ilbarbieredellasera.com\/article.php?sid=16994\">Via Il Barbiere della Sera<\/a><\/p>\n<p>Il Barbiere della Sera ha scritto di recente della situazione della redazione on-line della Stampa. Dopo aver raccontato la presenza in redazione di tre giornalisti professionisti e di altri undici \u201cnon si sa bene cosa\u201d , giornalisti senza contratto giornalistico.<\/p>\n<p>L\u2019azienda sembrava aver deciso di percorrere una strada virtuosa per mettere le cose in ordine e evitare le cause legali, lo scandalo e il dileggio per una situazione  mai vista in una testata delle dimensioni e della immagine del quotidiano torinese.<\/p>\n<p>L\u2019Ordine dei Giornalisti del Piemonte aveva aperto un\u2019inchiesta sulla situazione della redazione. Nell\u2019estate il ruolo di capo redattore del sito era passato da Masera a Corradino che aveva presentato all\u2019azienda un piano di risanamento della situazione.<\/p>\n<p>Nel frattempo era anche cambiato il CDR del giornale sotto la Mole con la nomina di Borghesan, Paviolo e Accossato che avevano posto nelle loro priorit\u00e0 il risanamento a breve della situazione.<br \/>\n<!--more--><br \/>\nLa pagina dei credits<\/p>\n<p>http:\/\/www.lastampa.it\/common\/_info\/credits.asp<\/p>\n<p>del sito riportava nuovamente la composizione della redazione attuale del sito costituita da Alberto Aburr\u00e0, Enrico Caporale Fulvio Cerutti,  Dario Corradino,  Giuseppe Bottero,  Chiara Calliero,  Alice Castagneri,  Marta Della Rocca,  Gabriele Martini.,  Anna Masera,  Marina Palumbo,  Vittorio Pasteris,  Carla Reschia,  Chiara Speziali,  e Maurizio Ternavasio.<\/p>\n<p>Da qualche giorno sono state notate delle novit\u00e0 . Deve essere successo qualcosa che sta cambiando l\u2019evoluzione delle cose. I credits ora si chiamano gerenza, sono spariti i nomi di tutti i redattori e sono comparse delle generiche indicazioni legate a propriet\u00e0, direttore responsabile e direzione e amministrazione<\/p>\n<p>PROPRIETA&#8217; Editrice La Stampa S.p.A.<br \/>\nDIRETTORE RESPONSABILE: Giulio Anselmi<br \/>\nREDAZIONE E AMMINISTRAZIONE:  Via Marenco, 32 &#8211; 10126 Torino,  Tel. 011.6568111<\/p>\n<p>Al solito la storia dei credits e la lista dei giornalisti presenti in redazione,\u00e8 rintracciabile attraverso Archive.org<br \/>\nhttp:\/\/web.archive.org\/web\/*\/http:\/\/www.lastampa.it\/common\/_info\/credits.asp<\/p>\n<p>Leggendo attentamente la pagina della gerenza si scopre che propriet\u00e0, direzione e redazione sono diventati dei link che rimandano a www.teleservizi.it. Chi \u00e8 questa nuova azienda: una possibile new entry nella galassia di Itedi ? Sar\u00e0 una nuova entit\u00e0  in grado di prendere in gestione le attivit\u00e0 on-line del quotidiano di Fiat ?<\/p>\n<p>Sul suo sito si scoprono informazioni utili su Teleservizi.<\/p>\n<p>\u201cNata nel 1997 come integratore di sistemi per soluzioni informatiche nell&#8217;area della &#8220;supply chain&#8221;, \u00e8 costituita da un team di professionisti esperti nella identificazione automatica, nella Elettronic Document Interchange e nelle soluzioni web oriented.<\/p>\n<p>Teleservizi sviluppa e integra prodotti applicativi SW per la logistica, per il controllo qualit\u00e0, per la tracciabilit\u00e0 e , in generale, per la raccolta dati, utilizzando prodotti HW e piattaforme tecnologiche standard e aperte, basate su reti wireless e sul mobile computing.<\/p>\n<p>Teleservizi propone progetti e servizi WEB con prodotti CMS (Content Menagement System) propri e basati su piattaforme Open Source.\u201d<\/p>\n<p>Teleservizi \u00e8 una software house specializzata in programmi per la logistica e magazzino che stranamente si occupa del sistema editoriale del sito della Stampa che ha scelto di rivolgersi a una piccola societ\u00e0 non del settore piuttosto che scegliere delle soluzioni editoriali pi\u00f9 importanti dai leader del mercato. Teleservizi \u00e8 anche la societ\u00e0 che stipendia una parte dei giornalisti della redazione. Il contratto della categoria dei metalmeccanici di questi aveva fatto tuonare il vecchio CDR all\u2019inizio dell\u2019anno.<\/p>\n<p>Forse La Stampa ha deciso di investire in Teleservizi per il suo futuro digitale ? A questo punto che fine far\u00e0 il piano proposto da Corradino per regolarizzare le condizioni di lavoro dei giornalisti ? Soprattutto che fine faranno i giornalisti e i loro contratti ?<\/p>\n","protected":false},"excerpt":{"rendered":"<p>Via Il Barbiere della Sera Il Barbiere della Sera ha scritto di recente della situazione della redazione on-line della Stampa. Dopo aver raccontato la presenza in redazione di tre giornalisti professionisti e di altri undici \u201cnon si sa bene cosa\u201d , giornalisti senza contratto giornalistico. L\u2019azienda sembrava aver deciso di percorrere una strada virtuosa per &#8230; <a title=\"Lastampa.it. E&#8217; l&#8217;ora di Teleservizi ?\" class=\"read-more\" href=\"https:\/\/www.pasteris.it\/blog\/2008\/11\/12\/lastampait-e-teleservizi\/\" aria-label=\"Per saperne di pi\u00f9 su Lastampa.it. E&#8217; l&#8217;ora di Teleservizi ?\">Leggi tutto<\/a><\/p>\n","protected":false},"author":4,"featured_media":0,"comment_status":"open","ping_status":"open","sticky":false,"template":"","format":"standard","meta":{"footnotes":""},"categories":[30,14],"tags":[475,159,193,474,2160],"class_list":["post-6175","post","type-post","status-publish","format-standard","hentry","category-media","category-torino","tag-corradino","tag-giornali","tag-lastampa","tag-masera","tag-torino"],"_links":{"self":[{"href":"https:\/\/www.pasteris.it\/blog\/wp-json\/wp\/v2\/posts\/6175","targetHints":{"allow":["GET"]}}],"collection":[{"href":"https:\/\/www.pasteris.it\/blog\/wp-json\/wp\/v2\/posts"}],"about":[{"href":"https:\/\/www.pasteris.it\/blog\/wp-json\/wp\/v2\/types\/post"}],"author":[{"embeddable":true,"href":"https:\/\/www.pasteris.it\/blog\/wp-json\/wp\/v2\/users\/4"}],"replies":[{"embeddable":true,"href":"https:\/\/www.pasteris.it\/blog\/wp-json\/wp\/v2\/comments?post=6175"}],"version-history":[{"count":9,"href":"https:\/\/www.pasteris.it\/blog\/wp-json\/wp\/v2\/posts\/6175\/revisions"}],"predecessor-version":[{"id":6430,"href":"https:\/\/www.pasteris.it\/blog\/wp-json\/wp\/v2\/posts\/6175\/revisions\/6430"}],"wp:attachment":[{"href":"https:\/\/www.pasteris.it\/blog\/wp-json\/wp\/v2\/media?parent=6175"}],"wp:term":[{"taxonomy":"category","embeddable":true,"href":"https:\/\/www.pasteris.it\/blog\/wp-json\/wp\/v2\/categories?post=6175"},{"taxonomy":"post_tag","embeddable":true,"href":"https:\/\/www.pasteris.it\/blog\/wp-json\/wp\/v2\/tags?post=6175"}],"curies":[{"name":"wp","href":"https:\/\/api.w.org\/{rel}","templated":true}]}}