{"id":6572,"date":"2008-11-29T09:59:41","date_gmt":"2008-11-29T07:59:41","guid":{"rendered":"http:\/\/www.pasteris.it\/blog\/?p=6572"},"modified":"2008-11-29T09:59:41","modified_gmt":"2008-11-29T07:59:41","slug":"india-chi-era-costei-ovvero-dove-stanno-gli-esteri","status":"publish","type":"post","link":"https:\/\/www.pasteris.it\/blog\/2008\/11\/29\/india-chi-era-costei-ovvero-dove-stanno-gli-esteri\/","title":{"rendered":"India chi era costei ? Ovvero dove stanno gli Esteri ?"},"content":{"rendered":"<p><img loading=\"lazy\" decoding=\"async\" class=\"alignright\" title=\"mumbay\" src=\"http:\/\/newsimg.bbc.co.uk\/media\/images\/45252000\/jpg\/_45252181_hotel_466.jpg\" alt=\"\" width=\"361\" height=\"201\" \/>La stampa italiana, messa sotto stress dagli attentati a Mumbay, ha dimostrato, salvo le solite ottime eccezioni, di non avere molte risorse o molte competenze in grado di &#8220;coprire&#8221; il mondo indiano.<\/p>\n<p>L&#8217;India oltre ad essere una civilt\u00e0 con una storia incredibile, \u00e8 uno dei maggiori attori dell&#8217;economia di questi giorni. Se la Cina \u00e8 il colosso della produzione di massa a basso costo, l&#8217;India \u00e8 la terra dei geni del pensiero moderno nella scienza, nell&#8217;economia, nell&#8217;informatica.<br \/>\nUn contenitore di cervelli. che i nostri media non considerano pi\u00f9 di tanto.<\/p>\n<p>Basti pensare che mentre il mondo seguiva la situazione a Mumbay, le tv Italiane sapevano trasmettere imperdibili &#8220;manifestazioni di solidariet\u00e0 dei politici italiani&#8221; o il racconto seppur drammatico degli italiani uccisi o tenuti in osttaggio insieme a imperdibili storie di politica interna inframmezzate da pistolotti sulla sentenza di Erba.<\/p>\n<p>Meglio allevare giovani giornalsiti da spedire a raccontare storie gi\u00e0 scritte che farli lavorare seriamente sul mondo globalizzato che galoppa.<\/p>\n<p>Il &#8220;mondo&#8221;, gli Esteri, sono\u00a0 tristi desapercidos di buona parte della stampa italiana che si concentra sulle beghe di casa nostra senza aprirsi al mondo e alla globalizzazione. Meno male che c&#8217;\u00e8 internet.<br \/>\nProvincialismo o ignoranza ?<\/p>\n","protected":false},"excerpt":{"rendered":"<p>La stampa italiana, messa sotto stress dagli attentati a Mumbay, ha dimostrato, salvo le solite ottime eccezioni, di non avere molte risorse o molte competenze in grado di &#8220;coprire&#8221; il mondo indiano. L&#8217;India oltre ad essere una civilt\u00e0 con una storia incredibile, \u00e8 uno dei maggiori attori dell&#8217;economia di questi giorni. Se la Cina \u00e8 &#8230; <a title=\"India chi era costei ? Ovvero dove stanno gli Esteri ?\" class=\"read-more\" href=\"https:\/\/www.pasteris.it\/blog\/2008\/11\/29\/india-chi-era-costei-ovvero-dove-stanno-gli-esteri\/\" aria-label=\"Per saperne di pi\u00f9 su India chi era costei ? Ovvero dove stanno gli Esteri ?\">Leggi tutto<\/a><\/p>\n","protected":false},"author":4,"featured_media":0,"comment_status":"open","ping_status":"open","sticky":false,"template":"","format":"standard","meta":{"footnotes":""},"categories":[],"tags":[415,66,490,2155,61,2154,2168,2169,2163,36],"class_list":["post-6572","post","type-post","status-publish","format-standard","hentry","tag-arte","tag-bbc","tag-informatica","tag-internet","tag-italia","tag-politica","tag-media","tag-mondo","tag-scienza","tag-tag"],"_links":{"self":[{"href":"https:\/\/www.pasteris.it\/blog\/wp-json\/wp\/v2\/posts\/6572","targetHints":{"allow":["GET"]}}],"collection":[{"href":"https:\/\/www.pasteris.it\/blog\/wp-json\/wp\/v2\/posts"}],"about":[{"href":"https:\/\/www.pasteris.it\/blog\/wp-json\/wp\/v2\/types\/post"}],"author":[{"embeddable":true,"href":"https:\/\/www.pasteris.it\/blog\/wp-json\/wp\/v2\/users\/4"}],"replies":[{"embeddable":true,"href":"https:\/\/www.pasteris.it\/blog\/wp-json\/wp\/v2\/comments?post=6572"}],"version-history":[{"count":1,"href":"https:\/\/www.pasteris.it\/blog\/wp-json\/wp\/v2\/posts\/6572\/revisions"}],"predecessor-version":[{"id":6573,"href":"https:\/\/www.pasteris.it\/blog\/wp-json\/wp\/v2\/posts\/6572\/revisions\/6573"}],"wp:attachment":[{"href":"https:\/\/www.pasteris.it\/blog\/wp-json\/wp\/v2\/media?parent=6572"}],"wp:term":[{"taxonomy":"category","embeddable":true,"href":"https:\/\/www.pasteris.it\/blog\/wp-json\/wp\/v2\/categories?post=6572"},{"taxonomy":"post_tag","embeddable":true,"href":"https:\/\/www.pasteris.it\/blog\/wp-json\/wp\/v2\/tags?post=6572"}],"curies":[{"name":"wp","href":"https:\/\/api.w.org\/{rel}","templated":true}]}}