{"id":6603,"date":"2008-12-01T16:07:48","date_gmt":"2008-12-01T14:07:48","guid":{"rendered":"http:\/\/www.pasteris.it\/blog\/?p=6603"},"modified":"2008-12-01T16:07:48","modified_gmt":"2008-12-01T14:07:48","slug":"un-problema-di-conflitto-di-interessi","status":"publish","type":"post","link":"https:\/\/www.pasteris.it\/blog\/2008\/12\/01\/un-problema-di-conflitto-di-interessi\/","title":{"rendered":"Un problema di conflitto di interessi"},"content":{"rendered":"<p>Forse \u00e8 anche vero che l&#8217;IVA ridotta dal 20 al 10 % attribuita agli abbonamenti alle emittenti satellitari era stata introdotta come un sussidio per sviluppare il mercato delle TV stellitari che oramai pu\u00f2 dirsi maturo.<\/p>\n<p>Forse \u00e8 anche vero che un 10% per di iva  in pi\u00f9 per 4.7 milioni di clienti per le sempre pi\u00f9 vuote casse del governo Berlusconi pu\u00f2 essere un toccasana<\/p>\n<p>Forse \u00e8 anche vero che il PdL aveva promesso di non aumentare le tasse per favorire i consumi<\/p>\n<p>Forse \u00e8 vero che cos\u00ec il Governo potr\u00e0 evitare di fare controlli\u00a0 seri sui suoi elettori, contribuenti notoriamente ed evidentemente dediti all&#8217;evazione fiscale<\/p>\n<p>Forse  \u00e8 vero che stante questo flagrante conflitto d&#8217;interessi di Silvio Berlusconi, che nessuno fra opposizione e governo presenti e passati hanno voluto normare come in tutti i paesi civili, qualsiasi intervento del Governo Berlusconi sul settore in cui opera la sua Mediaset sar\u00e0 da considerarsi un indebito aiuto al business della sua azienda di famiglia.<\/p>\n<p><video>http:\/\/www.youtube.com\/watch?v=R4Sm2KVVL8E<\/video><\/p>\n","protected":false},"excerpt":{"rendered":"<p>Forse \u00e8 anche vero che l&#8217;IVA ridotta dal 20 al 10 % attribuita agli abbonamenti alle emittenti satellitari era stata introdotta come un sussidio per sviluppare il mercato delle TV stellitari che oramai pu\u00f2 dirsi maturo. Forse \u00e8 anche vero che un 10% per di iva in pi\u00f9 per 4.7 milioni di clienti per le &#8230; <a title=\"Un problema di conflitto di interessi\" class=\"read-more\" href=\"https:\/\/www.pasteris.it\/blog\/2008\/12\/01\/un-problema-di-conflitto-di-interessi\/\" aria-label=\"Per saperne di pi\u00f9 su Un problema di conflitto di interessi\">Leggi tutto<\/a><\/p>\n","protected":false},"author":4,"featured_media":0,"comment_status":"open","ping_status":"open","sticky":false,"template":"","format":"standard","meta":{"footnotes":""},"categories":[],"tags":[69,165,2168,354,376],"class_list":["post-6603","post","type-post","status-publish","format-standard","hentry","tag-berlusconi","tag-governo","tag-media","tag-video","tag-youtube"],"_links":{"self":[{"href":"https:\/\/www.pasteris.it\/blog\/wp-json\/wp\/v2\/posts\/6603","targetHints":{"allow":["GET"]}}],"collection":[{"href":"https:\/\/www.pasteris.it\/blog\/wp-json\/wp\/v2\/posts"}],"about":[{"href":"https:\/\/www.pasteris.it\/blog\/wp-json\/wp\/v2\/types\/post"}],"author":[{"embeddable":true,"href":"https:\/\/www.pasteris.it\/blog\/wp-json\/wp\/v2\/users\/4"}],"replies":[{"embeddable":true,"href":"https:\/\/www.pasteris.it\/blog\/wp-json\/wp\/v2\/comments?post=6603"}],"version-history":[{"count":1,"href":"https:\/\/www.pasteris.it\/blog\/wp-json\/wp\/v2\/posts\/6603\/revisions"}],"predecessor-version":[{"id":6604,"href":"https:\/\/www.pasteris.it\/blog\/wp-json\/wp\/v2\/posts\/6603\/revisions\/6604"}],"wp:attachment":[{"href":"https:\/\/www.pasteris.it\/blog\/wp-json\/wp\/v2\/media?parent=6603"}],"wp:term":[{"taxonomy":"category","embeddable":true,"href":"https:\/\/www.pasteris.it\/blog\/wp-json\/wp\/v2\/categories?post=6603"},{"taxonomy":"post_tag","embeddable":true,"href":"https:\/\/www.pasteris.it\/blog\/wp-json\/wp\/v2\/tags?post=6603"}],"curies":[{"name":"wp","href":"https:\/\/api.w.org\/{rel}","templated":true}]}}