{"id":6794,"date":"2008-12-10T21:38:37","date_gmt":"2008-12-10T20:38:37","guid":{"rendered":"http:\/\/www.pasteris.it\/blog\/?p=6794"},"modified":"2008-12-13T05:33:53","modified_gmt":"2008-12-13T04:33:53","slug":"la-fine-dell%e2%80%99era-dell%e2%80%99informazione","status":"publish","type":"post","link":"https:\/\/www.pasteris.it\/blog\/2008\/12\/10\/la-fine-dell%e2%80%99era-dell%e2%80%99informazione\/","title":{"rendered":"La fine dell\u2019era dell\u2019informazione"},"content":{"rendered":"<blockquote><p>Via <a href=\"http:\/\/www.fucinaweb.com\/fw\/la-fine-dellera-dellinformazione-a-le-web-08\/\">Antonio Volpon<\/a><br \/>\nDavid Weingerber non ha tradito le aspettative, e dopo aver saltato l\u2019intervento dell\u2019anno scorso per incomprensioni con gli organizzatori, quest\u2019anno ha parlato di come cambia la leadership alla \u201cfine dell\u2019era dell\u2019informazione\u201d. Con questa affermazione intende in realt\u00e0 l\u2019era dell\u2019informazione in cui ogni singola realt\u00e0 \u00e8 tradotta in bit in modo asettico, privandola delle propria complessit\u00e0 (un po\u2019 come inserire un\u2019anagrafica in un database). Un po\u2019 di giustizia la sta facendo in questo senso internet, grazie al potere dei link (il chiodo fisso di Weinberger, in senso buono, fin dai tempi di Small Pieces Loosely Joined). Secondo Weinberger la leadership \u00e8 inoltre destinata a cambiare, perch\u00e9 non sar\u00e0 pi\u00f9 appannaggio di pochi, ma caratteristica stessa delle rete. Cita per questo la campagna di Obama e il sito change.gov che, seppur non perfetto, sta migliorando.<\/p><\/blockquote>\n","protected":false},"excerpt":{"rendered":"<p>Via Antonio Volpon David Weingerber non ha tradito le aspettative, e dopo aver saltato l\u2019intervento dell\u2019anno scorso per incomprensioni con gli organizzatori, quest\u2019anno ha parlato di come cambia la leadership alla \u201cfine dell\u2019era dell\u2019informazione\u201d. Con questa affermazione intende in realt\u00e0 l\u2019era dell\u2019informazione in cui ogni singola realt\u00e0 \u00e8 tradotta in bit in modo asettico, privandola &#8230; <a title=\"La fine dell\u2019era dell\u2019informazione\" class=\"read-more\" href=\"https:\/\/www.pasteris.it\/blog\/2008\/12\/10\/la-fine-dell%e2%80%99era-dell%e2%80%99informazione\/\" aria-label=\"Per saperne di pi\u00f9 su La fine dell\u2019era dell\u2019informazione\">Leggi tutto<\/a><\/p>\n","protected":false},"author":4,"featured_media":0,"comment_status":"open","ping_status":"open","sticky":false,"template":"","format":"standard","meta":{"footnotes":""},"categories":[17,30],"tags":[176,195,401],"class_list":["post-6794","post","type-post","status-publish","format-standard","hentry","category-economia","category-media","tag-informazione","tag-leweb","tag-leweb08"],"_links":{"self":[{"href":"https:\/\/www.pasteris.it\/blog\/wp-json\/wp\/v2\/posts\/6794","targetHints":{"allow":["GET"]}}],"collection":[{"href":"https:\/\/www.pasteris.it\/blog\/wp-json\/wp\/v2\/posts"}],"about":[{"href":"https:\/\/www.pasteris.it\/blog\/wp-json\/wp\/v2\/types\/post"}],"author":[{"embeddable":true,"href":"https:\/\/www.pasteris.it\/blog\/wp-json\/wp\/v2\/users\/4"}],"replies":[{"embeddable":true,"href":"https:\/\/www.pasteris.it\/blog\/wp-json\/wp\/v2\/comments?post=6794"}],"version-history":[{"count":4,"href":"https:\/\/www.pasteris.it\/blog\/wp-json\/wp\/v2\/posts\/6794\/revisions"}],"predecessor-version":[{"id":6944,"href":"https:\/\/www.pasteris.it\/blog\/wp-json\/wp\/v2\/posts\/6794\/revisions\/6944"}],"wp:attachment":[{"href":"https:\/\/www.pasteris.it\/blog\/wp-json\/wp\/v2\/media?parent=6794"}],"wp:term":[{"taxonomy":"category","embeddable":true,"href":"https:\/\/www.pasteris.it\/blog\/wp-json\/wp\/v2\/categories?post=6794"},{"taxonomy":"post_tag","embeddable":true,"href":"https:\/\/www.pasteris.it\/blog\/wp-json\/wp\/v2\/tags?post=6794"}],"curies":[{"name":"wp","href":"https:\/\/api.w.org\/{rel}","templated":true}]}}