{"id":685,"date":"2006-09-20T00:12:28","date_gmt":"2006-09-19T22:12:28","guid":{"rendered":"http:\/\/www.pasteris.it\/blog\/archives\/685"},"modified":"2006-09-20T00:12:28","modified_gmt":"2006-09-19T22:12:28","slug":"parte-la-rivoluzione-dei-cap-italiani","status":"publish","type":"post","link":"https:\/\/www.pasteris.it\/blog\/2006\/09\/20\/parte-la-rivoluzione-dei-cap-italiani\/","title":{"rendered":"Parte la rivoluzione dei CAP italiani"},"content":{"rendered":"<p><strong><img decoding=\"async\" align=\"right\" src=\"http:\/\/www.poste.it\/img\/tb\/logo_posteitaliane.gif\" \/> Mercoled\u00ec 20 settembre<\/strong> entrer\u00e0 in vigore la riorganizzazione dei Codici di Avviamento Postale, per ottimizzare la qualit\u00e0 del servizio di recapito in linea con i cambiamenti toponomastici e amministrativi avvenuti negli ultimi anni in Italia.<\/p>\n<p>Vai al <a href=\"http:\/\/www.poste.it\/azienda\/ufficiostampa\/19_09_2006_nuovo_cap.shtml\">sito delle Poste<\/a><\/p>\n","protected":false},"excerpt":{"rendered":"<p>Mercoled\u00ec 20 settembre entrer\u00e0 in vigore la riorganizzazione dei Codici di Avviamento Postale, per ottimizzare la qualit\u00e0 del servizio di recapito in linea con i cambiamenti toponomastici e amministrativi avvenuti negli ultimi anni in Italia. Vai al sito delle Poste<\/p>\n","protected":false},"author":4,"featured_media":0,"comment_status":"open","ping_status":"open","sticky":false,"template":"","format":"standard","meta":{"footnotes":""},"categories":[],"tags":[415,61],"class_list":["post-685","post","type-post","status-publish","format-standard","hentry","tag-arte","tag-italia"],"_links":{"self":[{"href":"https:\/\/www.pasteris.it\/blog\/wp-json\/wp\/v2\/posts\/685","targetHints":{"allow":["GET"]}}],"collection":[{"href":"https:\/\/www.pasteris.it\/blog\/wp-json\/wp\/v2\/posts"}],"about":[{"href":"https:\/\/www.pasteris.it\/blog\/wp-json\/wp\/v2\/types\/post"}],"author":[{"embeddable":true,"href":"https:\/\/www.pasteris.it\/blog\/wp-json\/wp\/v2\/users\/4"}],"replies":[{"embeddable":true,"href":"https:\/\/www.pasteris.it\/blog\/wp-json\/wp\/v2\/comments?post=685"}],"version-history":[{"count":0,"href":"https:\/\/www.pasteris.it\/blog\/wp-json\/wp\/v2\/posts\/685\/revisions"}],"wp:attachment":[{"href":"https:\/\/www.pasteris.it\/blog\/wp-json\/wp\/v2\/media?parent=685"}],"wp:term":[{"taxonomy":"category","embeddable":true,"href":"https:\/\/www.pasteris.it\/blog\/wp-json\/wp\/v2\/categories?post=685"},{"taxonomy":"post_tag","embeddable":true,"href":"https:\/\/www.pasteris.it\/blog\/wp-json\/wp\/v2\/tags?post=685"}],"curies":[{"name":"wp","href":"https:\/\/api.w.org\/{rel}","templated":true}]}}