{"id":7000,"date":"2008-12-13T07:34:11","date_gmt":"2008-12-13T06:34:11","guid":{"rendered":"http:\/\/www.pasteris.it\/blog\/?p=7000"},"modified":"2008-12-13T07:53:31","modified_gmt":"2008-12-13T06:53:31","slug":"gli-eterni-tombini-di-roma","status":"publish","type":"post","link":"https:\/\/www.pasteris.it\/blog\/2008\/12\/13\/gli-eterni-tombini-di-roma\/","title":{"rendered":"Gli eterni tombini di Roma"},"content":{"rendered":"<p>Igor Mann su La Stampa<\/p>\n<blockquote><p><img loading=\"lazy\" decoding=\"async\" class=\"alignright\" title=\"tombini\" src=\"http:\/\/www.pupia.tv\/includes\/tiny_mce\/plugins\/filemanager\/files\/fm\/01_immagini\/00_altrecategorie\/vari\/tombino.jpg\" alt=\"\" width=\"248\" height=\"241\" \/>Come cittadino romano (d&#8217;adozione) trovo banale nella sua ripetitivit\u00e0 lo scambio di accuse destra-sinistra. \u00abRoma, non basta una vita\u00bb, \u00e8 il titolo di un libro-cult scritto da Silvio Negro, che intendeva dire come sia difficile, se non impossibile, \u00abcapire\u00bb Roma, nutrirsi del suo fascino, amarla. E con rammarico che scopriamo in noi un maligno pensiero: non basta una vita: ce ne vorrebbero tante, troppe per rimettere in sesto la capitale.<\/p>\n<p>Non basta una vita, ma che intanto si cominci a riparare i guasti pi\u00f9 amari e pericolosi: prendiamo i famosi tombini in ferro antico, molti dei quali recano ancora il sigillo del \u00abfascio\u00bb.<\/p>\n<p>Il Vecchio Cronista abita da 50 anni nella vecchia Roma, quella degli artigiani. E di disastri ne ha visti e sofferti: si prenda la nevicata che nel 1956 trasform\u00f2 Roma in un sobborgo di Helsinki, senza naturalmente le attrezzature di quella bellissima citt\u00e0 in antica confidenza con la neve, col gelo.<\/p>\n<p>Ecco, sono le attrezzature che mancano, nei casi dei tombini che a ben vedere sono alla fine il guaio pi\u00f9 evidente d&#8217;ogni uragano o alluvione che sia. Ma perch\u00e9 i tombini dopo quattro goccioloni si intasano? Per colpa dei san pietrini, \u00e8 solitamente la risposta alla domanda che abbiamo pi\u00f9 volte rivolto ai signori del Comune (non facciamo distinzione fra destra o sinistra). Il fatto \u00e8, spiegano in Campidoglio, che Roma \u00e8 tutta un cuci e scuci.<\/p><\/blockquote>\n","protected":false},"excerpt":{"rendered":"<p>Igor Mann su La Stampa Come cittadino romano (d&#8217;adozione) trovo banale nella sua ripetitivit\u00e0 lo scambio di accuse destra-sinistra. \u00abRoma, non basta una vita\u00bb, \u00e8 il titolo di un libro-cult scritto da Silvio Negro, che intendeva dire come sia difficile, se non impossibile, \u00abcapire\u00bb Roma, nutrirsi del suo fascino, amarla. E con rammarico che scopriamo &#8230; <a title=\"Gli eterni tombini di Roma\" class=\"read-more\" href=\"https:\/\/www.pasteris.it\/blog\/2008\/12\/13\/gli-eterni-tombini-di-roma\/\" aria-label=\"Per saperne di pi\u00f9 su Gli eterni tombini di Roma\">Leggi tutto<\/a><\/p>\n","protected":false},"author":4,"featured_media":0,"comment_status":"open","ping_status":"open","sticky":false,"template":"","format":"standard","meta":{"footnotes":""},"categories":[32],"tags":[47,289],"class_list":["post-7000","post","type-post","status-publish","format-standard","hentry","category-pensieri","tag-alluvione","tag-roma"],"_links":{"self":[{"href":"https:\/\/www.pasteris.it\/blog\/wp-json\/wp\/v2\/posts\/7000","targetHints":{"allow":["GET"]}}],"collection":[{"href":"https:\/\/www.pasteris.it\/blog\/wp-json\/wp\/v2\/posts"}],"about":[{"href":"https:\/\/www.pasteris.it\/blog\/wp-json\/wp\/v2\/types\/post"}],"author":[{"embeddable":true,"href":"https:\/\/www.pasteris.it\/blog\/wp-json\/wp\/v2\/users\/4"}],"replies":[{"embeddable":true,"href":"https:\/\/www.pasteris.it\/blog\/wp-json\/wp\/v2\/comments?post=7000"}],"version-history":[{"count":4,"href":"https:\/\/www.pasteris.it\/blog\/wp-json\/wp\/v2\/posts\/7000\/revisions"}],"predecessor-version":[{"id":7005,"href":"https:\/\/www.pasteris.it\/blog\/wp-json\/wp\/v2\/posts\/7000\/revisions\/7005"}],"wp:attachment":[{"href":"https:\/\/www.pasteris.it\/blog\/wp-json\/wp\/v2\/media?parent=7000"}],"wp:term":[{"taxonomy":"category","embeddable":true,"href":"https:\/\/www.pasteris.it\/blog\/wp-json\/wp\/v2\/categories?post=7000"},{"taxonomy":"post_tag","embeddable":true,"href":"https:\/\/www.pasteris.it\/blog\/wp-json\/wp\/v2\/tags?post=7000"}],"curies":[{"name":"wp","href":"https:\/\/api.w.org\/{rel}","templated":true}]}}