{"id":7281,"date":"2008-12-19T10:26:41","date_gmt":"2008-12-19T09:26:41","guid":{"rendered":"http:\/\/www.pasteris.it\/blog\/?p=7281"},"modified":"2008-12-19T10:26:41","modified_gmt":"2008-12-19T09:26:41","slug":"creativita-20-demenziale","status":"publish","type":"post","link":"https:\/\/www.pasteris.it\/blog\/2008\/12\/19\/creativita-20-demenziale\/","title":{"rendered":"Creativit\u00e0 2.0 demenziale"},"content":{"rendered":"<p>Via <a href=\"http:\/\/www.corriere.it\/cronache\/08_dicembre_19\/licenziamenti_belgio_elmar_burchia_1c39cf32-cd9c-11dd-af32-00144f02aabc.shtml\">Corriere<\/a><\/p>\n<blockquote><p><img loading=\"lazy\" decoding=\"async\" class=\"alignright\" title=\"licenziati\" src=\"http:\/\/www.corriere.it\/Media\/Foto\/2008\/12\/19\/lic--180x140.jpg\" alt=\"\" width=\"180\" height=\"140\" \/>Licenziare in maniera creativa? Si pu\u00f2. A fine gennaio uno degli otto dipendenti di un&#8217;agenzia pubblicitaria belga dovr\u00e0 liberare la sua scrivania. Ma non perch\u00e9 lo ha deciso il capouffico. Saranno gli utenti del web a consegnargli la lettera virtuale di licenziamento.<\/p>\n<p>La crisi economica ha investito anche il settore della comunicazione e del marketing. Per far fronte ai costi e rimanere a galla anche nel 2009 il direttore dell&#8217;agenzia pubblicitaria <a rel=\"nofollow\" href=\"http:\/\/www.sonice.be\/\"><span style=\"text-decoration: underline;\">\u00abSo Nice\u00bb<\/span><\/a> del Belgio ha deciso di licenziare almeno una persona tra gli otto creativi. Ma il dilemma \u00e8 chi? Sono tutti ottimi impiegati. Ha scelto una via inconsueta &#8211; che solo un&#8217;agenzia di comunicazione avrebbe potuto escogitare. Saranno infatti gli utenti della rete coloro ai quali spetta l&#8217;ingrato compito di congedare un dipendente.<\/p><\/blockquote>\n","protected":false},"excerpt":{"rendered":"<p>Via Corriere Licenziare in maniera creativa? Si pu\u00f2. A fine gennaio uno degli otto dipendenti di un&#8217;agenzia pubblicitaria belga dovr\u00e0 liberare la sua scrivania. Ma non perch\u00e9 lo ha deciso il capouffico. Saranno gli utenti del web a consegnargli la lettera virtuale di licenziamento. La crisi economica ha investito anche il settore della comunicazione e &#8230; <a title=\"Creativit\u00e0 2.0 demenziale\" class=\"read-more\" href=\"https:\/\/www.pasteris.it\/blog\/2008\/12\/19\/creativita-20-demenziale\/\" aria-label=\"Per saperne di pi\u00f9 su Creativit\u00e0 2.0 demenziale\">Leggi tutto<\/a><\/p>\n","protected":false},"author":4,"featured_media":0,"comment_status":"open","ping_status":"open","sticky":false,"template":"","format":"standard","meta":{"footnotes":""},"categories":[11,6],"tags":[109,480,426,364],"class_list":["post-7281","post","type-post","status-publish","format-standard","hentry","category-diritti","category-internet","tag-creativita","tag-disoccupati","tag-lavoro","tag-web-20"],"_links":{"self":[{"href":"https:\/\/www.pasteris.it\/blog\/wp-json\/wp\/v2\/posts\/7281","targetHints":{"allow":["GET"]}}],"collection":[{"href":"https:\/\/www.pasteris.it\/blog\/wp-json\/wp\/v2\/posts"}],"about":[{"href":"https:\/\/www.pasteris.it\/blog\/wp-json\/wp\/v2\/types\/post"}],"author":[{"embeddable":true,"href":"https:\/\/www.pasteris.it\/blog\/wp-json\/wp\/v2\/users\/4"}],"replies":[{"embeddable":true,"href":"https:\/\/www.pasteris.it\/blog\/wp-json\/wp\/v2\/comments?post=7281"}],"version-history":[{"count":1,"href":"https:\/\/www.pasteris.it\/blog\/wp-json\/wp\/v2\/posts\/7281\/revisions"}],"predecessor-version":[{"id":7282,"href":"https:\/\/www.pasteris.it\/blog\/wp-json\/wp\/v2\/posts\/7281\/revisions\/7282"}],"wp:attachment":[{"href":"https:\/\/www.pasteris.it\/blog\/wp-json\/wp\/v2\/media?parent=7281"}],"wp:term":[{"taxonomy":"category","embeddable":true,"href":"https:\/\/www.pasteris.it\/blog\/wp-json\/wp\/v2\/categories?post=7281"},{"taxonomy":"post_tag","embeddable":true,"href":"https:\/\/www.pasteris.it\/blog\/wp-json\/wp\/v2\/tags?post=7281"}],"curies":[{"name":"wp","href":"https:\/\/api.w.org\/{rel}","templated":true}]}}