{"id":7412,"date":"2008-12-31T04:37:16","date_gmt":"2008-12-31T03:37:16","guid":{"rendered":"http:\/\/www.pasteris.it\/blog\/?p=7412"},"modified":"2008-12-31T09:47:39","modified_gmt":"2008-12-31T08:47:39","slug":"la-casta-bianca","status":"publish","type":"post","link":"https:\/\/www.pasteris.it\/blog\/2008\/12\/31\/la-casta-bianca\/","title":{"rendered":"La casta bianca"},"content":{"rendered":"<p><img loading=\"lazy\" decoding=\"async\" class=\"alignright\" title=\"casta bianca\" src=\"http:\/\/giotto.ibs.it\/cop\/copj13.asp?f=9788804584261\" alt=\"\" width=\"154\" height=\"235\" \/><a href=\"http:\/\/it.wikipedia.org\/wiki\/Paolo_Cornaglia_Ferraris\">Paolo Cornaglia Ferraris<\/a> \u00e8 un medico genovese che aveva gi\u00e0 scritto camici &amp; pigiami sullo sfascio di una parte della sant\u00e0 italica.<\/p>\n<p>Ora esce il suo nuovo libro <a href=\"http:\/\/www.camiciepigiami.org\/\">La Casta Bianca<\/a>.<\/p>\n","protected":false},"excerpt":{"rendered":"<p>Paolo Cornaglia Ferraris \u00e8 un medico genovese che aveva gi\u00e0 scritto camici &amp; pigiami sullo sfascio di una parte della sant\u00e0 italica. Ora esce il suo nuovo libro La Casta Bianca.<\/p>\n","protected":false},"author":4,"featured_media":0,"comment_status":"open","ping_status":"open","sticky":false,"template":"","format":"standard","meta":{"footnotes":""},"categories":[11,32],"tags":[518,517,516],"class_list":["post-7412","post","type-post","status-publish","format-standard","hentry","category-diritti","category-pensieri","tag-casta","tag-medici","tag-medicina"],"_links":{"self":[{"href":"https:\/\/www.pasteris.it\/blog\/wp-json\/wp\/v2\/posts\/7412","targetHints":{"allow":["GET"]}}],"collection":[{"href":"https:\/\/www.pasteris.it\/blog\/wp-json\/wp\/v2\/posts"}],"about":[{"href":"https:\/\/www.pasteris.it\/blog\/wp-json\/wp\/v2\/types\/post"}],"author":[{"embeddable":true,"href":"https:\/\/www.pasteris.it\/blog\/wp-json\/wp\/v2\/users\/4"}],"replies":[{"embeddable":true,"href":"https:\/\/www.pasteris.it\/blog\/wp-json\/wp\/v2\/comments?post=7412"}],"version-history":[{"count":3,"href":"https:\/\/www.pasteris.it\/blog\/wp-json\/wp\/v2\/posts\/7412\/revisions"}],"predecessor-version":[{"id":7416,"href":"https:\/\/www.pasteris.it\/blog\/wp-json\/wp\/v2\/posts\/7412\/revisions\/7416"}],"wp:attachment":[{"href":"https:\/\/www.pasteris.it\/blog\/wp-json\/wp\/v2\/media?parent=7412"}],"wp:term":[{"taxonomy":"category","embeddable":true,"href":"https:\/\/www.pasteris.it\/blog\/wp-json\/wp\/v2\/categories?post=7412"},{"taxonomy":"post_tag","embeddable":true,"href":"https:\/\/www.pasteris.it\/blog\/wp-json\/wp\/v2\/tags?post=7412"}],"curies":[{"name":"wp","href":"https:\/\/api.w.org\/{rel}","templated":true}]}}