{"id":7434,"date":"2008-12-29T16:05:18","date_gmt":"2008-12-29T15:05:18","guid":{"rendered":"http:\/\/www.pasteris.it\/blog\/?p=7434"},"modified":"2008-12-29T16:05:18","modified_gmt":"2008-12-29T15:05:18","slug":"il-sangue-inutile-di-gaza","status":"publish","type":"post","link":"https:\/\/www.pasteris.it\/blog\/2008\/12\/29\/il-sangue-inutile-di-gaza\/","title":{"rendered":"Il sangue inutile di Gaza"},"content":{"rendered":"<p>Via <a href=\"http:\/\/www.gadlerner.it\/2008\/12\/28\/quel-sangue-versato-non-servira-a-nulla.html\">Gad Lerner<\/a><\/p>\n<blockquote><p>Di nuovo Israele riesce a mettersi dalla parte del torto anche quando ha ragione, e perfino il mondo arabo circostante si scrollerebbe volenteri di dosso la minaccia costituita da Hamas. La politica israeliana, in vista delle elezioni del 10 febbraio, s\u2019\u00e8 lasciata trascinare nella coazione a ripetere cui pure l\u2019ultimo Sharon aveva tentato disperatamente di sfuggire. L\u2019illusione \u00e8 che la distruzione della forza militare visibile di Hamas regali tranquillit\u00e0 alle citt\u00e0 meridionali dello Stato ebraico e rafforzi la componente moderata del movimento palestinese. Un secolo di guerra ci dice in anticipo che sar\u00e0 vero il contrario: Israele rivivr\u00e0 l\u2019incubo del terrorismo e la leadership di Abu Mazen vaciller\u00e0 anche in Cisgiordania, dopo l\u2019umiliazione subita a Gaza.<br \/>\nIllusoria \u00e8 anche l\u2019unit\u00e0 che per qualche giorno Israele pare ritrovare nell\u2019autodifesa, dopo che Hamas l\u2019ha provocato con la rottura della tregua e con i lanci missilistici. Gi\u00e0 scritto \u00e8 il copione dell\u2019imbarazzo e del dissenso interno, col dubbio angoscioso che il disonore sia l\u2019anticamera della perdizione.<br \/>\nQuel sangue versato non servir\u00e0 a nulla.<\/p><\/blockquote>\n","protected":false},"excerpt":{"rendered":"<p>Via Gad Lerner Di nuovo Israele riesce a mettersi dalla parte del torto anche quando ha ragione, e perfino il mondo arabo circostante si scrollerebbe volenteri di dosso la minaccia costituita da Hamas. La politica israeliana, in vista delle elezioni del 10 febbraio, s\u2019\u00e8 lasciata trascinare nella coazione a ripetere cui pure l\u2019ultimo Sharon aveva &#8230; <a title=\"Il sangue inutile di Gaza\" class=\"read-more\" href=\"https:\/\/www.pasteris.it\/blog\/2008\/12\/29\/il-sangue-inutile-di-gaza\/\" aria-label=\"Per saperne di pi\u00f9 su Il sangue inutile di Gaza\">Leggi tutto<\/a><\/p>\n","protected":false},"author":4,"featured_media":0,"comment_status":"open","ping_status":"open","sticky":false,"template":"","format":"standard","meta":{"footnotes":""},"categories":[31,32],"tags":[521,505],"class_list":["post-7434","post","type-post","status-publish","format-standard","hentry","category-mondo","category-pensieri","tag-israele","tag-palestina"],"_links":{"self":[{"href":"https:\/\/www.pasteris.it\/blog\/wp-json\/wp\/v2\/posts\/7434","targetHints":{"allow":["GET"]}}],"collection":[{"href":"https:\/\/www.pasteris.it\/blog\/wp-json\/wp\/v2\/posts"}],"about":[{"href":"https:\/\/www.pasteris.it\/blog\/wp-json\/wp\/v2\/types\/post"}],"author":[{"embeddable":true,"href":"https:\/\/www.pasteris.it\/blog\/wp-json\/wp\/v2\/users\/4"}],"replies":[{"embeddable":true,"href":"https:\/\/www.pasteris.it\/blog\/wp-json\/wp\/v2\/comments?post=7434"}],"version-history":[{"count":2,"href":"https:\/\/www.pasteris.it\/blog\/wp-json\/wp\/v2\/posts\/7434\/revisions"}],"predecessor-version":[{"id":7437,"href":"https:\/\/www.pasteris.it\/blog\/wp-json\/wp\/v2\/posts\/7434\/revisions\/7437"}],"wp:attachment":[{"href":"https:\/\/www.pasteris.it\/blog\/wp-json\/wp\/v2\/media?parent=7434"}],"wp:term":[{"taxonomy":"category","embeddable":true,"href":"https:\/\/www.pasteris.it\/blog\/wp-json\/wp\/v2\/categories?post=7434"},{"taxonomy":"post_tag","embeddable":true,"href":"https:\/\/www.pasteris.it\/blog\/wp-json\/wp\/v2\/tags?post=7434"}],"curies":[{"name":"wp","href":"https:\/\/api.w.org\/{rel}","templated":true}]}}