{"id":7541,"date":"2008-12-31T17:13:08","date_gmt":"2008-12-31T16:13:08","guid":{"rendered":"http:\/\/www.pasteris.it\/blog\/?p=7541"},"modified":"2008-12-31T17:13:08","modified_gmt":"2008-12-31T16:13:08","slug":"pensierini-per-lanno-2009","status":"publish","type":"post","link":"https:\/\/www.pasteris.it\/blog\/2008\/12\/31\/pensierini-per-lanno-2009\/","title":{"rendered":"Pensierini per l&#8217;anno 2009"},"content":{"rendered":"<p><img loading=\"lazy\" decoding=\"async\" class=\"alignright size-full wp-image-7544\" title=\"edgar_morin\" src=\"http:\/\/www.pasteris.it\/blog\/wp-content\/uploads\/2008\/12\/edgar_morin.jpg\" alt=\"edgar_morin\" width=\"248\" height=\"182\" \/>Mentre tutti temono il nuovo anno come una peste il <a href=\"http:\/\/www455.pair.com\/morin\/blog\/\">luminare<\/a> <a href=\"http:\/\/www.edgarmorin.com\/\">multidisciplinare<\/a> <a href=\"http:\/\/it.wikipedia.org\/wiki\/Edgar_Morin\">Edgar Morin<\/a> in una intervista a Repubblica ricorda che i momenti difficili sono portatori di mutazioni, metamorfosi, rinnovamenti, per crecere, per migliorare<\/p>\n<blockquote><p>Abbiamo finalmente l\u2019occasione di ripensare alla nostra civilt\u00e0 prima che sia troppo tardi. Per troppo tempo abbiamo creduto che o sviluppo tecnologico ed economico sarebbe stato la locomotiva della democrazia e del benessere. Oggi bisogna cambiare l\u2019egemonia della quantit\u00e0 in favore della qualit\u00e0 e di beni immateriali come l\u2019amore e la Felicit\u00e0. La crisi economica \u00e8 l\u2019epifenomeno, il sintomo collaterale delle sfide che la nostra civilt\u00e0 deve affrontare. Bisogna considerare i problemi come un \u201ctutto\u201d e non solo singole emergenze. Ci hanno insegnato a pensare per comportamenti fissi, a seconda delle specializzazioni e cos\u00ec manca un metodo per collegare le diverse conoscenze. Non si possono ad esempio, separare le riforme economiche da quelle sociali. Il nostro futuro si \u00e8 fermato agli anni sessanta e settanta, con la fine delle ideologie. Non \u00e8 il momento di tornare a vecchie ortodossie collettive: bisogna anzi avere un \u201cpensiero complesso\u201d capace di trovare soluzioni tagliate su misura all\u2019esperienza dei singoli\u201d Morin prevede la nascita di piccole e nuove utopie. Come il microcredito, il telelavoro, l\u2019esodo da metropoli disumane verso la campagna, l\u2019incremento della coltura biologica, la cura delle persone anziane. In una frase.<\/p>\n<p>La cultura materialista, sentenzia il sociologo, avr\u00e0 un declino inesorabile. Ci vorranno ancora anni, forse decenni. Ma prima o poi sar\u00e0 sostituita dalla cultura dell\u2019immateriale. \u201c E\u2019 l\u2019unico modo che ci rimane di consentire a tutti di vivere su questa Terra. Stiamo combattendo la battaglia pi\u00f9 difficile: quella della sopravvivenza dell\u2019umanit\u00e0\u201d.<br \/>\n\u201c Impossibile prevedere il nuovo guardando al passato. Un osservatore che fosse capitato sulla Terra quindicimila anni fa non avrebbe potuto immaginare la nostra civilt\u00e0 industriale. E\u2019 gi\u00e0 successo che ci\u00f2 che era ritenuto improbabile sia diventato realt\u00e0. Succeder\u00e0 ancora\u201d.<\/p><\/blockquote>\n<p>Ora bisogna solo decidere da che parte iniziare a cambiare lo stato delle cose<\/p>\n","protected":false},"excerpt":{"rendered":"<p>Mentre tutti temono il nuovo anno come una peste il luminare multidisciplinare Edgar Morin in una intervista a Repubblica ricorda che i momenti difficili sono portatori di mutazioni, metamorfosi, rinnovamenti, per crecere, per migliorare Abbiamo finalmente l\u2019occasione di ripensare alla nostra civilt\u00e0 prima che sia troppo tardi. Per troppo tempo abbiamo creduto che o sviluppo &#8230; <a title=\"Pensierini per l&#8217;anno 2009\" class=\"read-more\" href=\"https:\/\/www.pasteris.it\/blog\/2008\/12\/31\/pensierini-per-lanno-2009\/\" aria-label=\"Per saperne di pi\u00f9 su Pensierini per l&#8217;anno 2009\">Leggi tutto<\/a><\/p>\n","protected":false},"author":4,"featured_media":0,"comment_status":"open","ping_status":"open","sticky":false,"template":"","format":"standard","meta":{"footnotes":""},"categories":[32],"tags":[26],"class_list":["post-7541","post","type-post","status-publish","format-standard","hentry","category-pensieri","tag-vittorio"],"_links":{"self":[{"href":"https:\/\/www.pasteris.it\/blog\/wp-json\/wp\/v2\/posts\/7541","targetHints":{"allow":["GET"]}}],"collection":[{"href":"https:\/\/www.pasteris.it\/blog\/wp-json\/wp\/v2\/posts"}],"about":[{"href":"https:\/\/www.pasteris.it\/blog\/wp-json\/wp\/v2\/types\/post"}],"author":[{"embeddable":true,"href":"https:\/\/www.pasteris.it\/blog\/wp-json\/wp\/v2\/users\/4"}],"replies":[{"embeddable":true,"href":"https:\/\/www.pasteris.it\/blog\/wp-json\/wp\/v2\/comments?post=7541"}],"version-history":[{"count":4,"href":"https:\/\/www.pasteris.it\/blog\/wp-json\/wp\/v2\/posts\/7541\/revisions"}],"predecessor-version":[{"id":7546,"href":"https:\/\/www.pasteris.it\/blog\/wp-json\/wp\/v2\/posts\/7541\/revisions\/7546"}],"wp:attachment":[{"href":"https:\/\/www.pasteris.it\/blog\/wp-json\/wp\/v2\/media?parent=7541"}],"wp:term":[{"taxonomy":"category","embeddable":true,"href":"https:\/\/www.pasteris.it\/blog\/wp-json\/wp\/v2\/categories?post=7541"},{"taxonomy":"post_tag","embeddable":true,"href":"https:\/\/www.pasteris.it\/blog\/wp-json\/wp\/v2\/tags?post=7541"}],"curies":[{"name":"wp","href":"https:\/\/api.w.org\/{rel}","templated":true}]}}