{"id":757,"date":"2006-10-09T00:29:06","date_gmt":"2006-10-08T22:29:06","guid":{"rendered":"http:\/\/www.pasteris.it\/blog\/archives\/757"},"modified":"2006-10-09T00:29:06","modified_gmt":"2006-10-08T22:29:06","slug":"uccisa-anna-politkovskaja-la-giornalista-che-putin-temeva","status":"publish","type":"post","link":"https:\/\/www.pasteris.it\/blog\/2006\/10\/09\/uccisa-anna-politkovskaja-la-giornalista-che-putin-temeva\/","title":{"rendered":"Uccisa Anna Politkovskaja, la giornalista che Putin temeva"},"content":{"rendered":"<p><img decoding=\"async\" align=\"right\" src=\"http:\/\/www.lr-online.de\/storage\/thm\/dpa\/starline\/buch\/354593_jpeg-1qf02545-20050317-img_8392480.onlineBild.jpg\" \/><a href=\"http:\/\/www.google.it\/url?sa=t&#038;ct=res&#038;cd=1&#038;url=http%3A%2F%2Fwww.giuliettochiesa.it%2F&#038;ei=fXopRYfoI4Ki-AKbmpihBA&#038;sig=__VPQSmmDGR-hGgeFYDkeA60zP_XE=&#038;sig2=CMYSEiX6AmvGEe8dh1GmXQ\">Giullietto Chiesa<\/a> su La Stampa<\/p>\n<blockquote><p><span class=\"rub_articolo\">L&#8217;assassinio di Anna Politkovskaja dice crudamente che il tempo della legge non \u00e8 ancora arrivato a Mosca. E&#8217; ancora guerra per bande, sicuramente non del tutto nuove, che tornano a mandare i sicari negli androni dei palazzi moscoviti &#8211; se si tratta dei meno abbienti &#8211; o agl&#8217;incroci delle grandi vie d&#8217;uscita dalla citt\u00e0 verso le dacie lussuose immerse nei boschi tutto attorno, vigilate da alte mura di cemento, da telecamere sempre accese, da guardie del corpo numerose e bene armate. E&#8217; toccato a un grande banchiere di stato poche settimane prima che alla giornalista Politkovskaja. Due assassini eccellenti, sicuramente diversi per movente e mandante, ma la logica \u00e8 una sola.<br \/>\nLe questioni irrisolte si regolano privatamente a colpi di piombo. Per un banchiere servono raffiche di mitra, e non poche.<br \/>\nPer Anna sono bastati due colpi di pistola: il secondo a Mosca lo chiamano, in gergo tecnico, \u00abkontrolnij\u00bb, di controllo, per verificare che la vittima sia morta per davvero. <\/span><\/p><\/blockquote>\n<p>Da <a href=\"http:\/\/www.articolo21.info\/rubrica.php?id=20&#038;table=rub_21esimosecolo\">Articolo 21<\/a><\/p>\n<blockquote><p>L\u2019edizione delle 18 di stasera di BBCWorld ha aperto con la notizia della morte di Anna.  Ha riproposto la sua voce. Ha ricordato che il libro \u201cLa Russia di Putin\u201d \u00e8 stato s\u00ec pubblicato ma  in lingua inglese. In patria Anna non ha trovato editori disposti a rischiare. Fino a quando durer\u00e0 tutto questo?<\/p><\/blockquote>\n","protected":false},"excerpt":{"rendered":"<p>Giullietto Chiesa su La Stampa L&#8217;assassinio di Anna Politkovskaja dice crudamente che il tempo della legge non \u00e8 ancora arrivato a Mosca. E&#8217; ancora guerra per bande, sicuramente non del tutto nuove, che tornano a mandare i sicari negli androni dei palazzi moscoviti &#8211; se si tratta dei meno abbienti &#8211; o agl&#8217;incroci delle grandi &#8230; <a title=\"Uccisa Anna Politkovskaja, la giornalista che Putin temeva\" class=\"read-more\" href=\"https:\/\/www.pasteris.it\/blog\/2006\/10\/09\/uccisa-anna-politkovskaja-la-giornalista-che-putin-temeva\/\" aria-label=\"Per saperne di pi\u00f9 su Uccisa Anna Politkovskaja, la giornalista che Putin temeva\">Leggi tutto<\/a><\/p>\n","protected":false},"author":4,"featured_media":0,"comment_status":"open","ping_status":"open","sticky":false,"template":"","format":"standard","meta":{"footnotes":""},"categories":[],"tags":[66,159,162,551,561],"class_list":["post-757","post","type-post","status-publish","format-standard","hentry","tag-bbc","tag-giornali","tag-google","tag-legge","tag-tempo"],"_links":{"self":[{"href":"https:\/\/www.pasteris.it\/blog\/wp-json\/wp\/v2\/posts\/757","targetHints":{"allow":["GET"]}}],"collection":[{"href":"https:\/\/www.pasteris.it\/blog\/wp-json\/wp\/v2\/posts"}],"about":[{"href":"https:\/\/www.pasteris.it\/blog\/wp-json\/wp\/v2\/types\/post"}],"author":[{"embeddable":true,"href":"https:\/\/www.pasteris.it\/blog\/wp-json\/wp\/v2\/users\/4"}],"replies":[{"embeddable":true,"href":"https:\/\/www.pasteris.it\/blog\/wp-json\/wp\/v2\/comments?post=757"}],"version-history":[{"count":0,"href":"https:\/\/www.pasteris.it\/blog\/wp-json\/wp\/v2\/posts\/757\/revisions"}],"wp:attachment":[{"href":"https:\/\/www.pasteris.it\/blog\/wp-json\/wp\/v2\/media?parent=757"}],"wp:term":[{"taxonomy":"category","embeddable":true,"href":"https:\/\/www.pasteris.it\/blog\/wp-json\/wp\/v2\/categories?post=757"},{"taxonomy":"post_tag","embeddable":true,"href":"https:\/\/www.pasteris.it\/blog\/wp-json\/wp\/v2\/tags?post=757"}],"curies":[{"name":"wp","href":"https:\/\/api.w.org\/{rel}","templated":true}]}}