{"id":7794,"date":"2009-02-06T08:31:13","date_gmt":"2009-02-06T07:31:13","guid":{"rendered":"http:\/\/www.pasteris.it\/blog\/?p=7794"},"modified":"2009-02-06T08:56:04","modified_gmt":"2009-02-06T07:56:04","slug":"zena","status":"publish","type":"post","link":"https:\/\/www.pasteris.it\/blog\/2009\/02\/06\/zena\/","title":{"rendered":"Zena"},"content":{"rendered":"<p><img loading=\"lazy\" decoding=\"async\" class=\"alignright\" title=\"zena\" src=\"http:\/\/upload.wikimedia.org\/wikipedia\/it\/thumb\/8\/88\/Lanterna_genova.jpg\/150px-Lanterna_genova.jpg\" alt=\"\" width=\"150\" height=\"238\" \/>Quando eravamo piccoli ci portavano in una citt\u00e0 di mare grossa, molto caotica, trascurata, che in effetti non ci entusiasmava. Era davvero un po&#8217; come diceva Paolo Conte<\/p>\n<p><em>Con quella faccia un po&#8217; cos\u00ec<br \/>\nquell&#8217;espressione un po&#8217; cos\u00ec<br \/>\nche abbiamo noi che abbiamo visto Genova<br \/>\nche ben sicuri mai non siamo<br \/>\nche quel posto dove andiamo<br \/>\nnon c&#8217;inghiotte e non torniamo pi\u00f9.<\/em><\/p>\n<p>Con gli anni Genova, <a href=\"http:\/\/lij.wikipedia.org\/wiki\/Zena\">Zena<\/a> per i suoi abitanti, \u00e8 cambiata in maniera clamorosa: si \u00e8 ripulita, si \u00e8 rinnovata, ha dato evidenza a tutta la sua storia gloriosa, alla sua ricchezza non nascosta e alla sua bellezza clamorosa. Si \u00e8 riempita di eventi di dimensione mondiale, ha ridato l&#8217;orgoglio ai suoi abitanti di quando era quasi la capitale del mondo conosciuto. Un posto spendido, uuna citt\u00e0 rinata piena di gente vitale.<\/p>\n<p>Tutto questo per dire che per importanti ragioni non potremo essere al <a href=\"http:\/\/barcamp.org\/ViadelCamp\">Via del Camp, la gita comunitaria a Genova con visita sociale partecipata e condivisa alla barcamp a uno dei pi\u00f9 estesi centri storici d&#8217;Italia, con tanto di visita-pellegrinaggio alla mostra di De Andr\u00e8<\/a>. Ma <a href=\"http:\/\/orario.trenitalia.com\/b2c\/TimeTable?stazin=torino&amp;stazout=genova&amp;datag=07&amp;datam=02&amp;dataa=2009&amp;timsh=08&amp;timsm=00&amp;x=38&amp;y=9&amp;lang=it&amp;nreq=5&amp;channel=tcom\">saremo<\/a> con il cuore e con il pensiero vicini ai tanti amici sciamanti <a href=\"http:\/\/maps.google.it\/maps?q=genova&amp;oe=utf-8&amp;client=firefox-a&amp;ie=UTF8&amp;split=0&amp;gl=it&amp;ei=4eqLScWIL4z40QWkjoCtCw&amp;ll=44.407052,8.934031&amp;spn=0.030168,0.077248&amp;t=h&amp;z=14&amp;iwloc=addr\">per la citt\u00e0 di Colombo<\/a>. Genova se si hanno delle gambe buone, si sale e si scende spesso, \u00e8 probabilmente la citt\u00e0 pi\u00f9 camminabile d&#8217;Italia. Buona Zena.<\/p>\n","protected":false},"excerpt":{"rendered":"<p>Quando eravamo piccoli ci portavano in una citt\u00e0 di mare grossa, molto caotica, trascurata, che in effetti non ci entusiasmava. Era davvero un po&#8217; come diceva Paolo Conte Con quella faccia un po&#8217; cos\u00ec quell&#8217;espressione un po&#8217; cos\u00ec che abbiamo noi che abbiamo visto Genova che ben sicuri mai non siamo che quel posto dove &#8230; <a title=\"Zena\" class=\"read-more\" href=\"https:\/\/www.pasteris.it\/blog\/2009\/02\/06\/zena\/\" aria-label=\"Per saperne di pi\u00f9 su Zena\">Leggi tutto<\/a><\/p>\n","protected":false},"author":4,"featured_media":0,"comment_status":"open","ping_status":"open","sticky":false,"template":"","format":"standard","meta":{"footnotes":""},"categories":[32,424],"tags":[63,155,660],"class_list":["post-7794","post","type-post","status-publish","format-standard","hentry","category-pensieri","category-personale","tag-barcamp","tag-genova","tag-viadelcamp"],"_links":{"self":[{"href":"https:\/\/www.pasteris.it\/blog\/wp-json\/wp\/v2\/posts\/7794","targetHints":{"allow":["GET"]}}],"collection":[{"href":"https:\/\/www.pasteris.it\/blog\/wp-json\/wp\/v2\/posts"}],"about":[{"href":"https:\/\/www.pasteris.it\/blog\/wp-json\/wp\/v2\/types\/post"}],"author":[{"embeddable":true,"href":"https:\/\/www.pasteris.it\/blog\/wp-json\/wp\/v2\/users\/4"}],"replies":[{"embeddable":true,"href":"https:\/\/www.pasteris.it\/blog\/wp-json\/wp\/v2\/comments?post=7794"}],"version-history":[{"count":5,"href":"https:\/\/www.pasteris.it\/blog\/wp-json\/wp\/v2\/posts\/7794\/revisions"}],"predecessor-version":[{"id":8414,"href":"https:\/\/www.pasteris.it\/blog\/wp-json\/wp\/v2\/posts\/7794\/revisions\/8414"}],"wp:attachment":[{"href":"https:\/\/www.pasteris.it\/blog\/wp-json\/wp\/v2\/media?parent=7794"}],"wp:term":[{"taxonomy":"category","embeddable":true,"href":"https:\/\/www.pasteris.it\/blog\/wp-json\/wp\/v2\/categories?post=7794"},{"taxonomy":"post_tag","embeddable":true,"href":"https:\/\/www.pasteris.it\/blog\/wp-json\/wp\/v2\/tags?post=7794"}],"curies":[{"name":"wp","href":"https:\/\/api.w.org\/{rel}","templated":true}]}}