{"id":7834,"date":"2009-01-14T02:12:08","date_gmt":"2009-01-14T01:12:08","guid":{"rendered":"http:\/\/www.pasteris.it\/blog\/?p=7834"},"modified":"2009-01-14T02:12:08","modified_gmt":"2009-01-14T01:12:08","slug":"via-del-camp","status":"publish","type":"post","link":"https:\/\/www.pasteris.it\/blog\/2009\/01\/14\/via-del-camp\/","title":{"rendered":"Via del Camp"},"content":{"rendered":"<p><img loading=\"lazy\" decoding=\"async\" class=\"alignnone\" title=\"viadelcamp\" src=\"http:\/\/img117.imageshack.us\/img117\/8211\/viadelcamp2nf7.gif\" alt=\"\" width=\"398\" height=\"92\" \/><br \/>\n<a href=\"http:\/\/www.barcamp.org\/ViadelCamp\">Una gita comunitaria a Genova<\/a>, aperta a tutti. Una iniziativa conviviale che si svolger\u00e0 avvalendosi della rete non come oggetto della discussione autorefenziale stessa ma come mero strumento di comunicazione e aggregazione al puro fine di svago e\/o cultura.<\/p>\n<p>Scopo dell&#8217;iniziativa \u00e8 la visita sociale ma in modalit\u00e0 partecipata e condivisa (&#8220;alla barcamp&#8221;) a uno dei pi\u00f9 estesi centri storici d&#8217;Italia, cio\u00e8 quello di Genova. L&#8217;evento sar\u00e0 quindi itinerante e si snoder\u00e0 in corteo per le vie e i vicoli. Ogni partecipante, se desidera, potr\u00e0 spiegare un monumento (una via, un palazzo, qualsiasi cosa ritenga interessante) in una simpatica condivisione col resto della comitiva. Dovr\u00e0 solo documentarsi, prenotare qui il suo intervento per poi raccontarlo sul posto.<\/p>\n","protected":false},"excerpt":{"rendered":"<p>Una gita comunitaria a Genova, aperta a tutti. Una iniziativa conviviale che si svolger\u00e0 avvalendosi della rete non come oggetto della discussione autorefenziale stessa ma come mero strumento di comunicazione e aggregazione al puro fine di svago e\/o cultura. Scopo dell&#8217;iniziativa \u00e8 la visita sociale ma in modalit\u00e0 partecipata e condivisa (&#8220;alla barcamp&#8221;) a uno &#8230; <a title=\"Via del Camp\" class=\"read-more\" href=\"https:\/\/www.pasteris.it\/blog\/2009\/01\/14\/via-del-camp\/\" aria-label=\"Per saperne di pi\u00f9 su Via del Camp\">Leggi tutto<\/a><\/p>\n","protected":false},"author":4,"featured_media":0,"comment_status":"open","ping_status":"open","sticky":false,"template":"","format":"standard","meta":{"footnotes":""},"categories":[28,424],"tags":[63,572,155],"class_list":["post-7834","post","type-post","status-publish","format-standard","hentry","category-eventi","category-personale","tag-barcamp","tag-faber","tag-genova"],"_links":{"self":[{"href":"https:\/\/www.pasteris.it\/blog\/wp-json\/wp\/v2\/posts\/7834","targetHints":{"allow":["GET"]}}],"collection":[{"href":"https:\/\/www.pasteris.it\/blog\/wp-json\/wp\/v2\/posts"}],"about":[{"href":"https:\/\/www.pasteris.it\/blog\/wp-json\/wp\/v2\/types\/post"}],"author":[{"embeddable":true,"href":"https:\/\/www.pasteris.it\/blog\/wp-json\/wp\/v2\/users\/4"}],"replies":[{"embeddable":true,"href":"https:\/\/www.pasteris.it\/blog\/wp-json\/wp\/v2\/comments?post=7834"}],"version-history":[{"count":2,"href":"https:\/\/www.pasteris.it\/blog\/wp-json\/wp\/v2\/posts\/7834\/revisions"}],"predecessor-version":[{"id":7836,"href":"https:\/\/www.pasteris.it\/blog\/wp-json\/wp\/v2\/posts\/7834\/revisions\/7836"}],"wp:attachment":[{"href":"https:\/\/www.pasteris.it\/blog\/wp-json\/wp\/v2\/media?parent=7834"}],"wp:term":[{"taxonomy":"category","embeddable":true,"href":"https:\/\/www.pasteris.it\/blog\/wp-json\/wp\/v2\/categories?post=7834"},{"taxonomy":"post_tag","embeddable":true,"href":"https:\/\/www.pasteris.it\/blog\/wp-json\/wp\/v2\/tags?post=7834"}],"curies":[{"name":"wp","href":"https:\/\/api.w.org\/{rel}","templated":true}]}}