{"id":7848,"date":"2009-01-14T09:21:25","date_gmt":"2009-01-14T08:21:25","guid":{"rendered":"http:\/\/www.pasteris.it\/blog\/?p=7848"},"modified":"2009-01-14T09:21:25","modified_gmt":"2009-01-14T08:21:25","slug":"il-tempo-che-non-fa-per-baccini","status":"publish","type":"post","link":"https:\/\/www.pasteris.it\/blog\/2009\/01\/14\/il-tempo-che-non-fa-per-baccini\/","title":{"rendered":"Il tempo che non fa per Baccini"},"content":{"rendered":"<p><a href=\"http:\/\/www.lastampa.it\/redazione\/cmsSezioni\/spettacoli\/200901articoli\/40027girata.asp\">Andrea Scanzi intervista Baccini su Lastampa.it<\/a><\/p>\n<blockquote><p>\u00abEvidentemente sono troppo libero per piacere a Fabio Fazio\u00bb. Francesco Baccini sperava di essere chiamato alla serata tributo di RaiTre su Fabrizio De Andr\u00e9. \u00abE invece ho suonato in una tiv\u00f9 vera, quella svizzera. Sempre ricordando Faber. Fazio non l&#8217;ho visto n\u00e9 registrato. E&#8217; stato pure scorretto con la tiv\u00f9 svizzera, cancellando il collegamento previsto\u00bb.<\/p>\n<p>Davvero non l&#8217;ha cercata nessuno? \u00abHo incrociato Fazio solo a Quelli che il calcio, poi il nulla. Mai litigato con lui, sono pieno di gente che mi odia senza motivo. Con Faber eravamo amici, come fai a non chiamarmi? Hanno ignorato la sua genovesit\u00e0. Paolo Villaggio, Beppe Grillo, Gino Paoli, i New Trolls: mancavano tutti. A ricordare Alberto Sordi c&#8217;era Monica Vitti, mica Scamarcio. Da Fazio c&#8217;erano troppi Scamarcio\u00bb.<\/p>\n<p>Tipo? \u00abFaber non era Sinatra, non faceva duetti con tutti. Con me s\u00ec. Invece chiamano Dalla, Pel\u00f9, Ferro, Bocelli. Che c&#8217;entrano? E non credo siano scelte di Dori, con lei ho sempre avuto ottimi rapporti\u00bb.<\/p>\n<p>Magari non le perdonano \u00abMusic Farm\u00bb. \u00abSono troppo reale e poco radical chic per i Fazio e i Serra. Anche la loro \u00e8 una casta, pericolosa e vendicativa: o fai parte della Chiesa o ti isolano. Ho un alto senso della giustizia e soffro nel vedere Faber ricordato dal simbolo dell&#8217;autocensura, dalla pecora nel gregge, dal giornalista del &#8220;senn\u00f2 poi&#8221;. Il re della casta di sinistra con Serena Dandini\u00bb.<\/p><\/blockquote>\n","protected":false},"excerpt":{"rendered":"<p>Andrea Scanzi intervista Baccini su Lastampa.it \u00abEvidentemente sono troppo libero per piacere a Fabio Fazio\u00bb. Francesco Baccini sperava di essere chiamato alla serata tributo di RaiTre su Fabrizio De Andr\u00e9. \u00abE invece ho suonato in una tiv\u00f9 vera, quella svizzera. Sempre ricordando Faber. Fazio non l&#8217;ho visto n\u00e9 registrato. E&#8217; stato pure scorretto con la &#8230; <a title=\"Il tempo che non fa per Baccini\" class=\"read-more\" href=\"https:\/\/www.pasteris.it\/blog\/2009\/01\/14\/il-tempo-che-non-fa-per-baccini\/\" aria-label=\"Per saperne di pi\u00f9 su Il tempo che non fa per Baccini\">Leggi tutto<\/a><\/p>\n","protected":false},"author":4,"featured_media":0,"comment_status":"open","ping_status":"open","sticky":false,"template":"","format":"standard","meta":{"footnotes":""},"categories":[32],"tags":[572,583,155],"class_list":["post-7848","post","type-post","status-publish","format-standard","hentry","category-pensieri","tag-faber","tag-fazio","tag-genova"],"_links":{"self":[{"href":"https:\/\/www.pasteris.it\/blog\/wp-json\/wp\/v2\/posts\/7848","targetHints":{"allow":["GET"]}}],"collection":[{"href":"https:\/\/www.pasteris.it\/blog\/wp-json\/wp\/v2\/posts"}],"about":[{"href":"https:\/\/www.pasteris.it\/blog\/wp-json\/wp\/v2\/types\/post"}],"author":[{"embeddable":true,"href":"https:\/\/www.pasteris.it\/blog\/wp-json\/wp\/v2\/users\/4"}],"replies":[{"embeddable":true,"href":"https:\/\/www.pasteris.it\/blog\/wp-json\/wp\/v2\/comments?post=7848"}],"version-history":[{"count":2,"href":"https:\/\/www.pasteris.it\/blog\/wp-json\/wp\/v2\/posts\/7848\/revisions"}],"predecessor-version":[{"id":7867,"href":"https:\/\/www.pasteris.it\/blog\/wp-json\/wp\/v2\/posts\/7848\/revisions\/7867"}],"wp:attachment":[{"href":"https:\/\/www.pasteris.it\/blog\/wp-json\/wp\/v2\/media?parent=7848"}],"wp:term":[{"taxonomy":"category","embeddable":true,"href":"https:\/\/www.pasteris.it\/blog\/wp-json\/wp\/v2\/categories?post=7848"},{"taxonomy":"post_tag","embeddable":true,"href":"https:\/\/www.pasteris.it\/blog\/wp-json\/wp\/v2\/tags?post=7848"}],"curies":[{"name":"wp","href":"https:\/\/api.w.org\/{rel}","templated":true}]}}