{"id":7917,"date":"2009-01-15T18:37:35","date_gmt":"2009-01-15T17:37:35","guid":{"rendered":"http:\/\/www.pasteris.it\/blog\/?p=7917"},"modified":"2009-01-16T07:41:42","modified_gmt":"2009-01-16T06:41:42","slug":"mandiamo-a-spaccare-le-pietre","status":"publish","type":"post","link":"https:\/\/www.pasteris.it\/blog\/2009\/01\/15\/mandiamo-a-spaccare-le-pietre\/","title":{"rendered":"Mandiamo a spaccare le pietre &#8230;."},"content":{"rendered":"<p>Giulia Vola su Lastampa.it<\/p>\n<blockquote><p>Ci vuole calma e sangue freddo. La coda per entrare nella serra blu dell\u2019atrio di Palazzo Nuovo, dove si dovrebbe stampare lo statino e caricare gli esami del \u00abpiano carriera\u00bb, dura un paio d\u2019ore. Se poi si perde la pazienza &#8211; qualcuno \u00e8 stato costretto a tornare per \u00aberrori del sistema\u00bb, o perch\u00e9 \u00abera finita la carta\u00bb &#8211; c&#8217;\u00e8 sempre Facebook. Il gruppo \u00ab<a href=\"http:\/\/www.facebook.com\/group.php?gid=54661853798\">Mandiamo a spaccare le pietre chi ha formulato il nuovo Carico Didattico<\/a>\u00bb conta 3813 studenti. Alessia Verduci, 21 anni, al terzo di Lettere, si \u00e8 iscritta ieri: \u00abAlmeno on line qualcuno ti d\u00e0 qualche suggerimento. Qui a Palazzo Nuovo nessuno sa mai niente\u00bb. E cos\u00ec si risolve un problema alla volta: \u00abIl termine per il carico didattico \u00e8 il 9 febbraio &#8211; racconta Sara Vento, terzo anno di Scienze della Comunicazione &#8211; e dato che non riesco a inserire gli esami fondamentali, tra cui la tesi, me ne occuper\u00f2 pi\u00f9 avanti. Oggi voglio stampare gli statini per gli esami della prossima settimana\u00bb.<\/p>\n<p><!--more--><br \/>\nGi\u00e0, perch\u00e9 a sessione iniziata, il nuovo cervellone informatico fa le bizze: dovrebbe permettere agli studenti di fare tutte le operazioni da casa, invece li costringe a mettersi in coda. Risultato: \u00abTutti stiamo cercando di fare la stessa cosa &#8211; sbotta Elisa Pasqualicchio, Mediazione Linguistica &#8211; l&#8217;unica postazione informatica funzionante \u00e8 qui ed \u00e8 presa d&#8217;assalto\u00bb. Vincenzo Rachele, 32 anni, Scienze Geografiche, ha compilato il piano giocando a tombola: \u00abAlcuni insegnamenti non si trovano e quelli che ci sono hanno delle lettere che nessuno sa interpretare, nemmeno in segreteria. Cos\u00ec noi studenti ci siamo messi d\u2019accordo e optato per la lettera pi\u00f9 alta nell\u2019alfabeto\u00bb. Veronica Della Piana, 20 anni, ha dato Dialettologia italiana ieri mattina ha preso 29 ma \u00abmi tocca fare la coda per registrare il voto\u00bb. Dietro di lei cinquanta persone, davanti il doppio.<br \/>\nChi arriva dall\u2019estero non ci crede. Cecilia Valenti \u00e8 argentina, ha studiato in Florida e da dieci anni vive a Torino; fino a tre mesi fa frequentava Lingue e lavorava come traduttrice in un\u2019agenzia: \u00abMi sono dovuta licenziare. Non potevo pi\u00f9 prendere permessi\u00bb. \u00c8 in coda da 55 minuti e nelle prossime 24 ore dovrebbe consegnare la tesi: \u00abSono con l\u2019acqua alla gola, ho scoperto che un esame sostenuto due anni fa \u00e8 sparito nell\u2019etere informatico\u00bb. Incredula anche Linda Ghio, 20 anni, da Cengio, matricola a Lettere dopo un anno trascorso a Londra, alla Metropolitan University: \u00abSono riuscita a fare il carico didattico da casa ma prima di stampare uno statino ho girato tre palazzi universitari. A febbraio torno in Inghilterra\u00bb.<br \/>\nIl rettore in tarda serata dopo una riunione fiume stempera il malumore degli studenti: Quando si attiva una procedura cos\u00ec complessa in un Ateneo cos\u00ec grande \u00e8 inevitabile avere simili intoppi. Abbiamo iniziato molto prima di Natale i lavori di trasferimento\u00bb. Giovanni Ferrero, direttore amministrativo dell\u2019Universit\u00e0: \u00abIl problema andr\u00e0 avanti ancora qualche giorno. Le facolt\u00e0 si sono date metodi diversi nei decenni passati e trasferire e amalgamare tutti i dati ha causato problemi a catena. In futuro non ci saranno pi\u00f9 gli statini, sar\u00e0 tutto telematico\u00bb<\/p><\/blockquote>\n","protected":false},"excerpt":{"rendered":"<p>Giulia Vola su Lastampa.it Ci vuole calma e sangue freddo. La coda per entrare nella serra blu dell\u2019atrio di Palazzo Nuovo, dove si dovrebbe stampare lo statino e caricare gli esami del \u00abpiano carriera\u00bb, dura un paio d\u2019ore. Se poi si perde la pazienza &#8211; qualcuno \u00e8 stato costretto a tornare per \u00aberrori del sistema\u00bb, &#8230; <a title=\"Mandiamo a spaccare le pietre &#8230;.\" class=\"read-more\" href=\"https:\/\/www.pasteris.it\/blog\/2009\/01\/15\/mandiamo-a-spaccare-le-pietre\/\" aria-label=\"Per saperne di pi\u00f9 su Mandiamo a spaccare le pietre &#8230;.\">Leggi tutto<\/a><\/p>\n","protected":false},"author":4,"featured_media":0,"comment_status":"open","ping_status":"open","sticky":false,"template":"","format":"standard","meta":{"footnotes":""},"categories":[11,14],"tags":[2411,2413,2412],"class_list":["post-7917","post","type-post","status-publish","format-standard","hentry","category-diritti","category-torino","tag-mandiamo","tag-pietre","tag-spaccare"],"_links":{"self":[{"href":"https:\/\/www.pasteris.it\/blog\/wp-json\/wp\/v2\/posts\/7917","targetHints":{"allow":["GET"]}}],"collection":[{"href":"https:\/\/www.pasteris.it\/blog\/wp-json\/wp\/v2\/posts"}],"about":[{"href":"https:\/\/www.pasteris.it\/blog\/wp-json\/wp\/v2\/types\/post"}],"author":[{"embeddable":true,"href":"https:\/\/www.pasteris.it\/blog\/wp-json\/wp\/v2\/users\/4"}],"replies":[{"embeddable":true,"href":"https:\/\/www.pasteris.it\/blog\/wp-json\/wp\/v2\/comments?post=7917"}],"version-history":[{"count":2,"href":"https:\/\/www.pasteris.it\/blog\/wp-json\/wp\/v2\/posts\/7917\/revisions"}],"predecessor-version":[{"id":7919,"href":"https:\/\/www.pasteris.it\/blog\/wp-json\/wp\/v2\/posts\/7917\/revisions\/7919"}],"wp:attachment":[{"href":"https:\/\/www.pasteris.it\/blog\/wp-json\/wp\/v2\/media?parent=7917"}],"wp:term":[{"taxonomy":"category","embeddable":true,"href":"https:\/\/www.pasteris.it\/blog\/wp-json\/wp\/v2\/categories?post=7917"},{"taxonomy":"post_tag","embeddable":true,"href":"https:\/\/www.pasteris.it\/blog\/wp-json\/wp\/v2\/tags?post=7917"}],"curies":[{"name":"wp","href":"https:\/\/api.w.org\/{rel}","templated":true}]}}