{"id":7923,"date":"2009-01-16T11:59:22","date_gmt":"2009-01-16T10:59:22","guid":{"rendered":"http:\/\/www.pasteris.it\/blog\/?p=7923"},"modified":"2009-01-16T11:59:22","modified_gmt":"2009-01-16T10:59:22","slug":"i-nostri-5781-euro-cadauno","status":"publish","type":"post","link":"https:\/\/www.pasteris.it\/blog\/2009\/01\/16\/i-nostri-5781-euro-cadauno\/","title":{"rendered":"I nostri 5.781 euro cadauno"},"content":{"rendered":"<p><a href=\"http:\/\/www.lastampa.it\/Torino\/cmsSezioni\/cronaca\/200901articoli\/9257girata.asp\">Chiamparino <\/a>ha ragione: Torino ha speso molto perch\u00e8 ha investito molto nella sua trasformazione e nel suo miglioramento e per le Olimpiadi, ma sapere di essere la citt\u00e0 <a href=\"http:\/\/www.lastampa.it\/Torino\/cmsSezioni\/cronaca\/200901articoli\/9256girata.asp\">pi\u00f9 indebitata d&#8217;Italia un po&#8217; inquieta<\/a><\/p>\n<blockquote><p>Sindaco Chiamparino \u00e8 sicuro che i torinesi, i quali hanno appena appreso di avere ognuno sulla testa un debito di 5.781 euro, le farebbero ancora vincere la gara di primo cittadino pi\u00f9 amato con il 75% dei consensi? \u00abSono convinto di s\u00ec, quel debito \u00e8 cresciuto non perch\u00e9 siamo andati a giocare al casin\u00f2, ma perch\u00e9 abbiamo trasformato, in meglio, la citt\u00e0. E il cittadino lo pu\u00f2 vedere dal marciapiede nuovo alla metropolitana, dai tunnel per favorire la viabilit\u00e0 al passante ferroviario che ci sta restituendo una Torino migliore\u00bb.<\/p>\n<p>Va bene, ma tra noi che siamo in testa alla classifica dei cattivi e i milanesi e i romani che seguono al secondo e terzo posto c\u2019\u00e8 una voragine: perch\u00e9?<br \/>\n\u00abIntanto il loro debito in termini assoluti \u00e8 pi\u00f9 alto. Ma non importa, ci\u00f2 che conta \u00e8 che forse qualcuno dimentica le Olimpiadi, un evento che rifarei immediatamente e per il quale \u00e8 stato giocoforza concentrare in un arco di tempo ristretto investimenti che, altrimenti, avremmo affrontato diversamente e come tutti: rimborsatone uno se ne accende un altro\u00bb.<\/p><\/blockquote>\n","protected":false},"excerpt":{"rendered":"<p>Chiamparino ha ragione: Torino ha speso molto perch\u00e8 ha investito molto nella sua trasformazione e nel suo miglioramento e per le Olimpiadi, ma sapere di essere la citt\u00e0 pi\u00f9 indebitata d&#8217;Italia un po&#8217; inquieta Sindaco Chiamparino \u00e8 sicuro che i torinesi, i quali hanno appena appreso di avere ognuno sulla testa un debito di 5.781 &#8230; <a title=\"I nostri 5.781 euro cadauno\" class=\"read-more\" href=\"https:\/\/www.pasteris.it\/blog\/2009\/01\/16\/i-nostri-5781-euro-cadauno\/\" aria-label=\"Per saperne di pi\u00f9 su I nostri 5.781 euro cadauno\">Leggi tutto<\/a><\/p>\n","protected":false},"author":4,"featured_media":0,"comment_status":"open","ping_status":"open","sticky":false,"template":"","format":"standard","meta":{"footnotes":""},"categories":[32,14],"tags":[95,249,2160],"class_list":["post-7923","post","type-post","status-publish","format-standard","hentry","category-pensieri","category-torino","tag-chiamparino","tag-olimpiadi","tag-torino"],"_links":{"self":[{"href":"https:\/\/www.pasteris.it\/blog\/wp-json\/wp\/v2\/posts\/7923","targetHints":{"allow":["GET"]}}],"collection":[{"href":"https:\/\/www.pasteris.it\/blog\/wp-json\/wp\/v2\/posts"}],"about":[{"href":"https:\/\/www.pasteris.it\/blog\/wp-json\/wp\/v2\/types\/post"}],"author":[{"embeddable":true,"href":"https:\/\/www.pasteris.it\/blog\/wp-json\/wp\/v2\/users\/4"}],"replies":[{"embeddable":true,"href":"https:\/\/www.pasteris.it\/blog\/wp-json\/wp\/v2\/comments?post=7923"}],"version-history":[{"count":1,"href":"https:\/\/www.pasteris.it\/blog\/wp-json\/wp\/v2\/posts\/7923\/revisions"}],"predecessor-version":[{"id":7924,"href":"https:\/\/www.pasteris.it\/blog\/wp-json\/wp\/v2\/posts\/7923\/revisions\/7924"}],"wp:attachment":[{"href":"https:\/\/www.pasteris.it\/blog\/wp-json\/wp\/v2\/media?parent=7923"}],"wp:term":[{"taxonomy":"category","embeddable":true,"href":"https:\/\/www.pasteris.it\/blog\/wp-json\/wp\/v2\/categories?post=7923"},{"taxonomy":"post_tag","embeddable":true,"href":"https:\/\/www.pasteris.it\/blog\/wp-json\/wp\/v2\/tags?post=7923"}],"curies":[{"name":"wp","href":"https:\/\/api.w.org\/{rel}","templated":true}]}}