{"id":7925,"date":"2009-01-24T09:10:29","date_gmt":"2009-01-24T08:10:29","guid":{"rendered":"http:\/\/www.pasteris.it\/blog\/?p=7925"},"modified":"2009-01-16T15:26:59","modified_gmt":"2009-01-16T14:26:59","slug":"il-master-per-digitalizzatori-darte","status":"publish","type":"post","link":"https:\/\/www.pasteris.it\/blog\/2009\/01\/24\/il-master-per-digitalizzatori-darte\/","title":{"rendered":"Il master per digitalizzatori d&#8217;arte"},"content":{"rendered":"<p>Ad Arezzo parte <a href=\"http:\/\/www.lastampa.it\/_web\/cmstp\/tmplrubriche\/tecnologia\/grubrica.asp?ID_blog=30&amp;ID_articolo=5630&amp;ID_sezione=&amp;sezione=\">una esperienza pilota in Italia per la formazione di figure scientifiche<\/a> e professionali in grado di operare con strumenti informatici su materiale documentario, librario e testuale antico e moderno e di formulare e gestire progetti di digitalizzazione in archivi, biblioteche, case editrici.<\/p>\n<p>Si tratta del primo master italiano per esperti in digitalizzazione editoriale e archivistica organizzato dall\u2019Universit\u00e0 di Siena presso la sede di Arezzo. Il corso post-laurea in Informatica del testo-Edizione elettronica \u00e8 organizzato dalla facolt\u00e0 di Lettere e Filosofia di Arezzo e dalla facolt\u00e0 di Ingegneria.<\/p>\n","protected":false},"excerpt":{"rendered":"<p>Ad Arezzo parte una esperienza pilota in Italia per la formazione di figure scientifiche e professionali in grado di operare con strumenti informatici su materiale documentario, librario e testuale antico e moderno e di formulare e gestire progetti di digitalizzazione in archivi, biblioteche, case editrici. Si tratta del primo master italiano per esperti in digitalizzazione &#8230; <a title=\"Il master per digitalizzatori d&#8217;arte\" class=\"read-more\" href=\"https:\/\/www.pasteris.it\/blog\/2009\/01\/24\/il-master-per-digitalizzatori-darte\/\" aria-label=\"Per saperne di pi\u00f9 su Il master per digitalizzatori d&#8217;arte\">Leggi tutto<\/a><\/p>\n","protected":false},"author":4,"featured_media":0,"comment_status":"open","ping_status":"open","sticky":false,"template":"","format":"standard","meta":{"footnotes":""},"categories":[6,13],"tags":[415,116],"class_list":["post-7925","post","type-post","status-publish","format-standard","hentry","category-internet","category-multimedia","tag-arte","tag-digitale"],"_links":{"self":[{"href":"https:\/\/www.pasteris.it\/blog\/wp-json\/wp\/v2\/posts\/7925","targetHints":{"allow":["GET"]}}],"collection":[{"href":"https:\/\/www.pasteris.it\/blog\/wp-json\/wp\/v2\/posts"}],"about":[{"href":"https:\/\/www.pasteris.it\/blog\/wp-json\/wp\/v2\/types\/post"}],"author":[{"embeddable":true,"href":"https:\/\/www.pasteris.it\/blog\/wp-json\/wp\/v2\/users\/4"}],"replies":[{"embeddable":true,"href":"https:\/\/www.pasteris.it\/blog\/wp-json\/wp\/v2\/comments?post=7925"}],"version-history":[{"count":1,"href":"https:\/\/www.pasteris.it\/blog\/wp-json\/wp\/v2\/posts\/7925\/revisions"}],"predecessor-version":[{"id":7926,"href":"https:\/\/www.pasteris.it\/blog\/wp-json\/wp\/v2\/posts\/7925\/revisions\/7926"}],"wp:attachment":[{"href":"https:\/\/www.pasteris.it\/blog\/wp-json\/wp\/v2\/media?parent=7925"}],"wp:term":[{"taxonomy":"category","embeddable":true,"href":"https:\/\/www.pasteris.it\/blog\/wp-json\/wp\/v2\/categories?post=7925"},{"taxonomy":"post_tag","embeddable":true,"href":"https:\/\/www.pasteris.it\/blog\/wp-json\/wp\/v2\/tags?post=7925"}],"curies":[{"name":"wp","href":"https:\/\/api.w.org\/{rel}","templated":true}]}}