{"id":7929,"date":"2009-01-22T13:02:13","date_gmt":"2009-01-22T12:02:13","guid":{"rendered":"http:\/\/www.pasteris.it\/blog\/?p=7929"},"modified":"2009-01-23T04:23:45","modified_gmt":"2009-01-23T03:23:45","slug":"cavalcando-la-cris","status":"publish","type":"post","link":"https:\/\/www.pasteris.it\/blog\/2009\/01\/22\/cavalcando-la-cris\/","title":{"rendered":"Cavalcando la crisi"},"content":{"rendered":"<p>Via <a href=\"http:\/\/pazzoperrepubblica.blogspot.com\/2009\/01\/corriere-e-repubblica-picco-mal-comune.html\">Pazzo per Repubblica<\/a><\/p>\n<blockquote><p>La situazione \u00e8 questa. I due principali quotidiani perdono in diffusione e in pubblicit\u00e0. Precipitano. E questa \u00e8 la macroeconomia. Ma per capire la gravit\u00e0 della situazione a volte i particolari, che non sono dettagli, sono importanti.<br \/>\nCorriere. Da mesi si discuteva di tagliare il numero delle pagine, togliendone quattro. Alla fine ne sono state tolte tre e il cdr ha accettato che i giornalisti rinuncino ad avere i collaterali (dvd, libri etc) gratis. La mazzetta, che non \u00e8 una tangente, ma il malloppo di quotidiani che ogni giornalista riceve ogni giorno: dal primo gennaio ogni giornalista del Corriere avr\u00e0 diritto a cinque quotidiani al massimo e tre periodici. Prima il numero era illimitato.<\/p>\n<p>Da giorni arrivano telefonate al centralino di Repubblica: &#8220;Da noi \u00e8 arrivata un&#8217;edizione ridotta, c&#8217;\u00e8 un problema di stampa?&#8221;. Nessun problema di stampa. Il numero delle pagine \u00e8 stato drasticamente ridotto. Oggi sono 48, molto meno dell&#8217;anno scorso. Il Corriere, per ora, ne ha 72 e di formato pi\u00f9 grande.<\/p>\n<p><!--more--><\/p>\n<p>Che altro? Si parla di cassa integrazione, prepensionamenti, tagli alle trasferte, tagli ai collaboratori. Al Corriere Antonello Perricone ha gi\u00e0 cominciato, lasciando a casa lo storico disegnatore Chiappori e la moglie di Alberoni Rosa Giannetta (e almeno in questo caso la crisi \u00e8 stata utile). Il piano di risparmi messo in atto da Perricone prevede un giro di vite di 15 milioni di euro (5 in carico alla redazione).La crisi non \u00e8 solo italiana. Per dire, in Gran Bretagna in un anno la diffusione dei quotidiani \u00e8 calata di un milione di copie. Non bruscolini.<\/p>\n<p>In tempi di crisi i quotidiani sono deboli. Debole \u00e8 la carne e anche l&#8217;informazione. E cos\u00ec diventano carne da macello per gli inserzionisti. Che spuntano sconti record e, come ha fatto oggi l&#8217;Audi sul Corsera, riescono a spuntare sedici (dico sedici) pagine di seguito solo di pubblicit\u00e0. Quanto basta per stremare qualunque lettore. Sempre che, considerando anche la qualit\u00e0 pessima dell&#8217;informazione rimasta, qualche lettore sia ancora rimasto.<\/p><\/blockquote>\n","protected":false},"excerpt":{"rendered":"<p>Via Pazzo per Repubblica La situazione \u00e8 questa. I due principali quotidiani perdono in diffusione e in pubblicit\u00e0. Precipitano. E questa \u00e8 la macroeconomia. Ma per capire la gravit\u00e0 della situazione a volte i particolari, che non sono dettagli, sono importanti. Corriere. Da mesi si discuteva di tagliare il numero delle pagine, togliendone quattro. Alla &#8230; <a title=\"Cavalcando la crisi\" class=\"read-more\" href=\"https:\/\/www.pasteris.it\/blog\/2009\/01\/22\/cavalcando-la-cris\/\" aria-label=\"Per saperne di pi\u00f9 su Cavalcando la crisi\">Leggi tutto<\/a><\/p>\n","protected":false},"author":4,"featured_media":0,"comment_status":"open","ping_status":"open","sticky":false,"template":"","format":"standard","meta":{"footnotes":""},"categories":[17,30],"tags":[107,159,284],"class_list":["post-7929","post","type-post","status-publish","format-standard","hentry","category-economia","category-media","tag-corriere","tag-giornali","tag-repubblica"],"_links":{"self":[{"href":"https:\/\/www.pasteris.it\/blog\/wp-json\/wp\/v2\/posts\/7929","targetHints":{"allow":["GET"]}}],"collection":[{"href":"https:\/\/www.pasteris.it\/blog\/wp-json\/wp\/v2\/posts"}],"about":[{"href":"https:\/\/www.pasteris.it\/blog\/wp-json\/wp\/v2\/types\/post"}],"author":[{"embeddable":true,"href":"https:\/\/www.pasteris.it\/blog\/wp-json\/wp\/v2\/users\/4"}],"replies":[{"embeddable":true,"href":"https:\/\/www.pasteris.it\/blog\/wp-json\/wp\/v2\/comments?post=7929"}],"version-history":[{"count":5,"href":"https:\/\/www.pasteris.it\/blog\/wp-json\/wp\/v2\/posts\/7929\/revisions"}],"predecessor-version":[{"id":8101,"href":"https:\/\/www.pasteris.it\/blog\/wp-json\/wp\/v2\/posts\/7929\/revisions\/8101"}],"wp:attachment":[{"href":"https:\/\/www.pasteris.it\/blog\/wp-json\/wp\/v2\/media?parent=7929"}],"wp:term":[{"taxonomy":"category","embeddable":true,"href":"https:\/\/www.pasteris.it\/blog\/wp-json\/wp\/v2\/categories?post=7929"},{"taxonomy":"post_tag","embeddable":true,"href":"https:\/\/www.pasteris.it\/blog\/wp-json\/wp\/v2\/tags?post=7929"}],"curies":[{"name":"wp","href":"https:\/\/api.w.org\/{rel}","templated":true}]}}