{"id":7969,"date":"2009-01-18T09:45:44","date_gmt":"2009-01-18T08:45:44","guid":{"rendered":"http:\/\/www.pasteris.it\/blog\/?p=7969"},"modified":"2009-01-18T09:45:44","modified_gmt":"2009-01-18T08:45:44","slug":"la-citta-verticale","status":"publish","type":"post","link":"https:\/\/www.pasteris.it\/blog\/2009\/01\/18\/la-citta-verticale\/","title":{"rendered":"La citt\u00e0 verticale"},"content":{"rendered":"<p>Via <a href=\"http:\/\/www.torinovalley.com\/blog\/2009\/01\/17\/torino-rilancio-e-originalita\/\">Torino Valley blog<\/a><\/p>\n<blockquote><p>Torino \u00e8 una citt\u00e0 particolare, verticale: la grande azienda, il municipio. A Milano e in Veneto, invece, le cose le cambia la societ\u00e0. Qui si pensa che non sia cos\u00ec, invece anche qui certe cose, come un piano regolatore, le fa il pubblico, ma il resto avviene per conto proprio.<br \/>\nChe cosa significa?<br \/>\nDopo lo choc della crisi Fiat dell\u201980 e la fine di una certa politica politicante c\u2019\u00e8 stato il periodo dei sindaci e della loro macchina. Ci sono state le Olimpiadi e tanto altro. I soldi sono stati spesi bene. Questo \u00e8 bello, ma non \u00e8 un modello eterno.<\/p><\/blockquote>\n","protected":false},"excerpt":{"rendered":"<p>Via Torino Valley blog Torino \u00e8 una citt\u00e0 particolare, verticale: la grande azienda, il municipio. A Milano e in Veneto, invece, le cose le cambia la societ\u00e0. Qui si pensa che non sia cos\u00ec, invece anche qui certe cose, come un piano regolatore, le fa il pubblico, ma il resto avviene per conto proprio. Che &#8230; <a title=\"La citt\u00e0 verticale\" class=\"read-more\" href=\"https:\/\/www.pasteris.it\/blog\/2009\/01\/18\/la-citta-verticale\/\" aria-label=\"Per saperne di pi\u00f9 su La citt\u00e0 verticale\">Leggi tutto<\/a><\/p>\n","protected":false},"author":4,"featured_media":0,"comment_status":"open","ping_status":"open","sticky":false,"template":"","format":"standard","meta":{"footnotes":""},"categories":[32,14],"tags":[2160,340],"class_list":["post-7969","post","type-post","status-publish","format-standard","hentry","category-pensieri","category-torino","tag-torino","tag-torino-valley"],"_links":{"self":[{"href":"https:\/\/www.pasteris.it\/blog\/wp-json\/wp\/v2\/posts\/7969","targetHints":{"allow":["GET"]}}],"collection":[{"href":"https:\/\/www.pasteris.it\/blog\/wp-json\/wp\/v2\/posts"}],"about":[{"href":"https:\/\/www.pasteris.it\/blog\/wp-json\/wp\/v2\/types\/post"}],"author":[{"embeddable":true,"href":"https:\/\/www.pasteris.it\/blog\/wp-json\/wp\/v2\/users\/4"}],"replies":[{"embeddable":true,"href":"https:\/\/www.pasteris.it\/blog\/wp-json\/wp\/v2\/comments?post=7969"}],"version-history":[{"count":2,"href":"https:\/\/www.pasteris.it\/blog\/wp-json\/wp\/v2\/posts\/7969\/revisions"}],"predecessor-version":[{"id":7971,"href":"https:\/\/www.pasteris.it\/blog\/wp-json\/wp\/v2\/posts\/7969\/revisions\/7971"}],"wp:attachment":[{"href":"https:\/\/www.pasteris.it\/blog\/wp-json\/wp\/v2\/media?parent=7969"}],"wp:term":[{"taxonomy":"category","embeddable":true,"href":"https:\/\/www.pasteris.it\/blog\/wp-json\/wp\/v2\/categories?post=7969"},{"taxonomy":"post_tag","embeddable":true,"href":"https:\/\/www.pasteris.it\/blog\/wp-json\/wp\/v2\/tags?post=7969"}],"curies":[{"name":"wp","href":"https:\/\/api.w.org\/{rel}","templated":true}]}}