{"id":8257,"date":"2009-01-30T08:12:26","date_gmt":"2009-01-30T07:12:26","guid":{"rendered":"http:\/\/www.pasteris.it\/blog\/?p=8257"},"modified":"2009-01-30T08:17:33","modified_gmt":"2009-01-30T07:17:33","slug":"lo-spettacolo-di-santorso","status":"publish","type":"post","link":"https:\/\/www.pasteris.it\/blog\/2009\/01\/30\/lo-spettacolo-di-santorso\/","title":{"rendered":"Lo spettacolo di Sant&#8217;Orso"},"content":{"rendered":"<p>Con teutonica precisione il 30 e 31 di ogni anno arriva nel <a href=\"http:\/\/maps.google.it\/maps?f=q&amp;source=s_q&amp;hl=it&amp;geocode=&amp;q=aosta&amp;sll=41.442726,12.392578&amp;sspn=16.195194,39.550781&amp;ie=UTF8&amp;ll=45.737533,7.323182&amp;spn=0.007368,0.019312&amp;t=h&amp;z=16\">centro storico di Aosta <\/a>la spettacolare <a href=\"http:\/\/www.fierasantorso.it\/\">Fiera di Sant&#8217;Orso<\/a>. Come racconta il sito &#8220;una grande manifestazione popolare, un inno alla creativit\u00e0 e all&#8217;industriosit\u00e0 delle genti di montagna&#8221;.<\/p>\n<p><img loading=\"lazy\" decoding=\"async\" class=\"alignnone\" title=\"Santorso\" src=\"http:\/\/www.lovevda.it\/gestione\/gestione_contenuti\/immagine.asp?pk_immagine=2168\" alt=\"\" width=\"463\" height=\"125\" \/><\/p>\n<p>Concretamente una fantastica sfilata di tutte le attivit\u00e0 tradizionali valdostane: scultura ed intaglio su legno, lavorazione della pietra, del ferro battuto e del cuoio, tessiture di ogni tipo, merletti, vimini, oggetti per la casa.<\/p>\n<p>Se potete andateci oggi venerd\u00ec, domani sabato ci sarano decine di migliaia di persone in pi\u00f9. Vestitevi belli caldi sono vicini i giorni della merla e ad Aosta non si scherza con il freddo. Evitate di sperare di arrivare a casa senza comprare nulla: \u00e8 impossibile.<\/p>\n","protected":false},"excerpt":{"rendered":"<p>Con teutonica precisione il 30 e 31 di ogni anno arriva nel centro storico di Aosta la spettacolare Fiera di Sant&#8217;Orso. Come racconta il sito &#8220;una grande manifestazione popolare, un inno alla creativit\u00e0 e all&#8217;industriosit\u00e0 delle genti di montagna&#8221;. Concretamente una fantastica sfilata di tutte le attivit\u00e0 tradizionali valdostane: scultura ed intaglio su legno, lavorazione &#8230; <a title=\"Lo spettacolo di Sant&#8217;Orso\" class=\"read-more\" href=\"https:\/\/www.pasteris.it\/blog\/2009\/01\/30\/lo-spettacolo-di-santorso\/\" aria-label=\"Per saperne di pi\u00f9 su Lo spettacolo di Sant&#8217;Orso\">Leggi tutto<\/a><\/p>\n","protected":false},"author":4,"featured_media":0,"comment_status":"open","ping_status":"open","sticky":false,"template":"","format":"standard","meta":{"footnotes":""},"categories":[17,32,424],"tags":[54,635],"class_list":["post-8257","post","type-post","status-publish","format-standard","hentry","category-economia","category-pensieri","category-personale","tag-aosta","tag-artigianato"],"_links":{"self":[{"href":"https:\/\/www.pasteris.it\/blog\/wp-json\/wp\/v2\/posts\/8257","targetHints":{"allow":["GET"]}}],"collection":[{"href":"https:\/\/www.pasteris.it\/blog\/wp-json\/wp\/v2\/posts"}],"about":[{"href":"https:\/\/www.pasteris.it\/blog\/wp-json\/wp\/v2\/types\/post"}],"author":[{"embeddable":true,"href":"https:\/\/www.pasteris.it\/blog\/wp-json\/wp\/v2\/users\/4"}],"replies":[{"embeddable":true,"href":"https:\/\/www.pasteris.it\/blog\/wp-json\/wp\/v2\/comments?post=8257"}],"version-history":[{"count":4,"href":"https:\/\/www.pasteris.it\/blog\/wp-json\/wp\/v2\/posts\/8257\/revisions"}],"predecessor-version":[{"id":8260,"href":"https:\/\/www.pasteris.it\/blog\/wp-json\/wp\/v2\/posts\/8257\/revisions\/8260"}],"wp:attachment":[{"href":"https:\/\/www.pasteris.it\/blog\/wp-json\/wp\/v2\/media?parent=8257"}],"wp:term":[{"taxonomy":"category","embeddable":true,"href":"https:\/\/www.pasteris.it\/blog\/wp-json\/wp\/v2\/categories?post=8257"},{"taxonomy":"post_tag","embeddable":true,"href":"https:\/\/www.pasteris.it\/blog\/wp-json\/wp\/v2\/tags?post=8257"}],"curies":[{"name":"wp","href":"https:\/\/api.w.org\/{rel}","templated":true}]}}