{"id":8373,"date":"2009-02-04T08:50:40","date_gmt":"2009-02-04T07:50:40","guid":{"rendered":"http:\/\/www.pasteris.it\/blog\/?p=8373"},"modified":"2009-02-04T08:50:40","modified_gmt":"2009-02-04T07:50:40","slug":"sarebbe-bello-la-lasciassero-almeno-spegnere-in-pace","status":"publish","type":"post","link":"https:\/\/www.pasteris.it\/blog\/2009\/02\/04\/sarebbe-bello-la-lasciassero-almeno-spegnere-in-pace\/","title":{"rendered":"Sarebbe bello la lasciassero almeno spegnere in pace"},"content":{"rendered":"<p>Essere cattolici \u00e8 una importante scelta religiosa che determina delle scelte individuali, ma \u00e8 una scelta che riguarda il singolo individuo, la sua morale, il suo vivere.<br \/>\nNoi viviamo in uno stato che non pu\u00f2 essere che laico e che si deve dare delle regole laiche a cui i cittadini religiosi o meno devono accettare di sottostare proprio in quanto cittadini.<br \/>\nSarebbe bello che quanti credono e quanti non credono lasciassero che la povera Eluana si spegnesse, come lei desiderava,\u00a0 nel silenzio e nella privacy che non ha potuto avere fino ad ora. In pace.<\/p>\n<p>E ora che il parlamento, senza estremismi ma con realismo, si dedichi finalmente ad una legge seria ed equilibrata sul testamento biologico.<\/p>\n","protected":false},"excerpt":{"rendered":"<p>Essere cattolici \u00e8 una importante scelta religiosa che determina delle scelte individuali, ma \u00e8 una scelta che riguarda il singolo individuo, la sua morale, il suo vivere. Noi viviamo in uno stato che non pu\u00f2 essere che laico e che si deve dare delle regole laiche a cui i cittadini religiosi o meno devono accettare &#8230; <a title=\"Sarebbe bello la lasciassero almeno spegnere in pace\" class=\"read-more\" href=\"https:\/\/www.pasteris.it\/blog\/2009\/02\/04\/sarebbe-bello-la-lasciassero-almeno-spegnere-in-pace\/\" aria-label=\"Per saperne di pi\u00f9 su Sarebbe bello la lasciassero almeno spegnere in pace\">Leggi tutto<\/a><\/p>\n","protected":false},"author":4,"featured_media":0,"comment_status":"open","ping_status":"open","sticky":false,"template":"","format":"standard","meta":{"footnotes":""},"categories":[32,424],"tags":[608,655],"class_list":["post-8373","post","type-post","status-publish","format-standard","hentry","category-pensieri","category-personale","tag-etica","tag-testamento-biologico"],"_links":{"self":[{"href":"https:\/\/www.pasteris.it\/blog\/wp-json\/wp\/v2\/posts\/8373","targetHints":{"allow":["GET"]}}],"collection":[{"href":"https:\/\/www.pasteris.it\/blog\/wp-json\/wp\/v2\/posts"}],"about":[{"href":"https:\/\/www.pasteris.it\/blog\/wp-json\/wp\/v2\/types\/post"}],"author":[{"embeddable":true,"href":"https:\/\/www.pasteris.it\/blog\/wp-json\/wp\/v2\/users\/4"}],"replies":[{"embeddable":true,"href":"https:\/\/www.pasteris.it\/blog\/wp-json\/wp\/v2\/comments?post=8373"}],"version-history":[{"count":2,"href":"https:\/\/www.pasteris.it\/blog\/wp-json\/wp\/v2\/posts\/8373\/revisions"}],"predecessor-version":[{"id":8375,"href":"https:\/\/www.pasteris.it\/blog\/wp-json\/wp\/v2\/posts\/8373\/revisions\/8375"}],"wp:attachment":[{"href":"https:\/\/www.pasteris.it\/blog\/wp-json\/wp\/v2\/media?parent=8373"}],"wp:term":[{"taxonomy":"category","embeddable":true,"href":"https:\/\/www.pasteris.it\/blog\/wp-json\/wp\/v2\/categories?post=8373"},{"taxonomy":"post_tag","embeddable":true,"href":"https:\/\/www.pasteris.it\/blog\/wp-json\/wp\/v2\/tags?post=8373"}],"curies":[{"name":"wp","href":"https:\/\/api.w.org\/{rel}","templated":true}]}}