{"id":8444,"date":"2009-02-09T08:14:11","date_gmt":"2009-02-09T07:14:11","guid":{"rendered":"http:\/\/www.pasteris.it\/blog\/?p=8444"},"modified":"2009-02-09T08:19:48","modified_gmt":"2009-02-09T07:19:48","slug":"il-complessino-di-torino","status":"publish","type":"post","link":"https:\/\/www.pasteris.it\/blog\/2009\/02\/09\/il-complessino-di-torino\/","title":{"rendered":"Il complessino di Torino"},"content":{"rendered":"<p><a href=\"http:\/\/www.torinovalley.com\/blog\/2009\/02\/08\/il-complessino-che-dirige-torino\/\">via Torino Valley blog<\/a><\/p>\n<blockquote><p>Dall&#8217;intervista al Direttore de La Stampa Giulio Anselmi su ExtraTorino<\/p>\n<p>Secondo lei chi \u00e8 che a Torino ha la bacchetta di direttore d&#8217;orchestra ? La Fiat non pi\u00f9, ma nemmeno il Comune, che \u00e8 stato uno dei motori della diversificazione &#8230;<br \/>\nNon vedo un direttore d&#8217;orchestra, vedo un complessino.<br \/>\nComposto da ?<br \/>\nSicuramente Marchionne e la famiglia Agnelli, a partire dal suo leader John Elkann e i suoi consiglieri Gianluigi Gabetti e Franzo Grande Stevens: la societ\u00e0 torinese continua a riconoscerli come riferimento. Ci metterei poi Angelo Benessia,Presidente della Compagnia di Dan Paolo: \u00e8 uomo di grandi ambizioni, sar\u00e0 interessante vedere che cosa far\u00e0 in futuro. E naturalmente Enrico Salza, che \u00e8 il banchiere di riferimento: il San Paolo ha ancora un forte radicamento in citt\u00e0, anche se il controllo finanziario \u00e8 passato a Milano.<br \/>\nIl grattacielo si far\u00e0 ?<br \/>\nMolti dicono sia un monumento a Salza: secondo me ancora prima, per i torinesi, vuole essere un monumento alla rassicurazione di mantenere il governo della banca. In questo senso sar\u00e0 una piramide inutile.<br \/>\nChi vede ancora nel &#8220;complessino&#8221; ?<br \/>\nSergio Chiamparino, perch\u00e8 il Comune, anche se pericolosamente indebitato, \u00e8 stato il protagonista di tante operazioni. Mercedes Bresso, per via del suo ruolo regionale, mi pare pi\u00f9 defilata.<br \/>\nI rettori di Universit\u00e0 e Politecnico ?<br \/>\nHo l&#8217;\u00ecmpressione che il Politecnico sia un&#8217;eccellenza; l&#8217;Universit\u00e0 \u00e8 come il resto degli atenei italiani. Manca invece un ruolo attivo in politica.<br \/>\nIn che senso ?<br \/>\nChe fine hanno fatto a Torino i partiti ? nel centrodestra esiste Silvio Berlusconi e un gruppo di parlamentari che si danno un gran da fare come enzo Ghigo, Roberto Cota, Guido Crosetto. Nel Centrosinistra i Partiti seguono lo squagliamento nazionale del Pd.<\/p><\/blockquote>\n","protected":false},"excerpt":{"rendered":"<p>via Torino Valley blog Dall&#8217;intervista al Direttore de La Stampa Giulio Anselmi su ExtraTorino Secondo lei chi \u00e8 che a Torino ha la bacchetta di direttore d&#8217;orchestra ? La Fiat non pi\u00f9, ma nemmeno il Comune, che \u00e8 stato uno dei motori della diversificazione &#8230; Non vedo un direttore d&#8217;orchestra, vedo un complessino. Composto da &#8230; <a title=\"Il complessino di Torino\" class=\"read-more\" href=\"https:\/\/www.pasteris.it\/blog\/2009\/02\/09\/il-complessino-di-torino\/\" aria-label=\"Per saperne di pi\u00f9 su Il complessino di Torino\">Leggi tutto<\/a><\/p>\n","protected":false},"author":4,"featured_media":0,"comment_status":"open","ping_status":"open","sticky":false,"template":"","format":"standard","meta":{"footnotes":""},"categories":[17,1,14],"tags":[2160],"class_list":["post-8444","post","type-post","status-publish","format-standard","hentry","category-economia","category-politica","category-torino","tag-torino"],"_links":{"self":[{"href":"https:\/\/www.pasteris.it\/blog\/wp-json\/wp\/v2\/posts\/8444","targetHints":{"allow":["GET"]}}],"collection":[{"href":"https:\/\/www.pasteris.it\/blog\/wp-json\/wp\/v2\/posts"}],"about":[{"href":"https:\/\/www.pasteris.it\/blog\/wp-json\/wp\/v2\/types\/post"}],"author":[{"embeddable":true,"href":"https:\/\/www.pasteris.it\/blog\/wp-json\/wp\/v2\/users\/4"}],"replies":[{"embeddable":true,"href":"https:\/\/www.pasteris.it\/blog\/wp-json\/wp\/v2\/comments?post=8444"}],"version-history":[{"count":3,"href":"https:\/\/www.pasteris.it\/blog\/wp-json\/wp\/v2\/posts\/8444\/revisions"}],"predecessor-version":[{"id":8446,"href":"https:\/\/www.pasteris.it\/blog\/wp-json\/wp\/v2\/posts\/8444\/revisions\/8446"}],"wp:attachment":[{"href":"https:\/\/www.pasteris.it\/blog\/wp-json\/wp\/v2\/media?parent=8444"}],"wp:term":[{"taxonomy":"category","embeddable":true,"href":"https:\/\/www.pasteris.it\/blog\/wp-json\/wp\/v2\/categories?post=8444"},{"taxonomy":"post_tag","embeddable":true,"href":"https:\/\/www.pasteris.it\/blog\/wp-json\/wp\/v2\/tags?post=8444"}],"curies":[{"name":"wp","href":"https:\/\/api.w.org\/{rel}","templated":true}]}}