{"id":862,"date":"2006-11-10T09:30:32","date_gmt":"2006-11-10T07:30:32","guid":{"rendered":"http:\/\/www.pasteris.it\/blog\/archives\/862"},"modified":"2006-11-09T17:36:00","modified_gmt":"2006-11-09T15:36:00","slug":"attenzione-agli-abbracciatori-in-piazza-castello","status":"publish","type":"post","link":"https:\/\/www.pasteris.it\/blog\/2006\/11\/10\/attenzione-agli-abbracciatori-in-piazza-castello\/","title":{"rendered":"Attenzione agli abbracciatori in Piazza Castello"},"content":{"rendered":"<p>Domenica 12 mattina, alle 11, in tutta Italia e a Torino in Piazza Castello: &#8220;<a target=\"_blank\" href=\"http:\/\/www.abbracciliberi.it\/\">free hugs&#8221; o &#8220;abbracci gratis&#8221;.<\/a><br \/>\nAnche a Torino ci sar\u00e0 gente con un cartello con scritto &#8220;abbracci gratis&#8221;  che proporr\u00e0  abbracci a chi passa e vuole abbracciare e farsi abbracciare.<\/p>\n<p>Il fenomeno \u00e8 gi\u00e0 esploso all&#8217;estero<br \/>\n<video>http:\/\/www.youtube.com\/watch?v=vr3x_RRJdd4&#038;eurl=<\/video><br \/>\nPerch\u00e9? Perch\u00e9 siamo esseri umani e il clima \u00e8 rigido. e ovunque ci giriamo qualcuno dice che bisogna invece fare da soli, che bisogna separarsi da quell&#8217;altro, che ognuno \u00e8 il nemico (il comunista, il cattolico, il cinese, l&#8217;interista, ecc).<\/p>\n<p><a target=\"_blank\" href=\"http:\/\/www.abbracciliberi.it\/\">http:\/\/www.abbracciliberi.it\/\u00a0<\/a><\/p>\n","protected":false},"excerpt":{"rendered":"<p>Domenica 12 mattina, alle 11, in tutta Italia e a Torino in Piazza Castello: &#8220;free hugs&#8221; o &#8220;abbracci gratis&#8221;. Anche a Torino ci sar\u00e0 gente con un cartello con scritto &#8220;abbracci gratis&#8221; che proporr\u00e0 abbracci a chi passa e vuole abbracciare e farsi abbracciare. Il fenomeno \u00e8 gi\u00e0 esploso all&#8217;estero http:\/\/www.youtube.com\/watch?v=vr3x_RRJdd4&#038;eurl= Perch\u00e9? Perch\u00e9 siamo esseri &#8230; <a title=\"Attenzione agli abbracciatori in Piazza Castello\" class=\"read-more\" href=\"https:\/\/www.pasteris.it\/blog\/2006\/11\/10\/attenzione-agli-abbracciatori-in-piazza-castello\/\" aria-label=\"Per saperne di pi\u00f9 su Attenzione agli abbracciatori in Piazza Castello\">Leggi tutto<\/a><\/p>\n","protected":false},"author":4,"featured_media":0,"comment_status":"open","ping_status":"open","sticky":false,"template":"","format":"standard","meta":{"footnotes":""},"categories":[],"tags":[2160],"class_list":["post-862","post","type-post","status-publish","format-standard","hentry","tag-torino"],"_links":{"self":[{"href":"https:\/\/www.pasteris.it\/blog\/wp-json\/wp\/v2\/posts\/862","targetHints":{"allow":["GET"]}}],"collection":[{"href":"https:\/\/www.pasteris.it\/blog\/wp-json\/wp\/v2\/posts"}],"about":[{"href":"https:\/\/www.pasteris.it\/blog\/wp-json\/wp\/v2\/types\/post"}],"author":[{"embeddable":true,"href":"https:\/\/www.pasteris.it\/blog\/wp-json\/wp\/v2\/users\/4"}],"replies":[{"embeddable":true,"href":"https:\/\/www.pasteris.it\/blog\/wp-json\/wp\/v2\/comments?post=862"}],"version-history":[{"count":0,"href":"https:\/\/www.pasteris.it\/blog\/wp-json\/wp\/v2\/posts\/862\/revisions"}],"wp:attachment":[{"href":"https:\/\/www.pasteris.it\/blog\/wp-json\/wp\/v2\/media?parent=862"}],"wp:term":[{"taxonomy":"category","embeddable":true,"href":"https:\/\/www.pasteris.it\/blog\/wp-json\/wp\/v2\/categories?post=862"},{"taxonomy":"post_tag","embeddable":true,"href":"https:\/\/www.pasteris.it\/blog\/wp-json\/wp\/v2\/tags?post=862"}],"curies":[{"name":"wp","href":"https:\/\/api.w.org\/{rel}","templated":true}]}}