{"id":8625,"date":"2009-02-14T18:16:35","date_gmt":"2009-02-14T17:16:35","guid":{"rendered":"http:\/\/www.pasteris.it\/blog\/?p=8625"},"modified":"2009-02-16T18:20:31","modified_gmt":"2009-02-16T17:20:31","slug":"riparte-nuova-societa","status":"publish","type":"post","link":"https:\/\/www.pasteris.it\/blog\/2009\/02\/14\/riparte-nuova-societa\/","title":{"rendered":"Riparte Nuova Societ\u00e0"},"content":{"rendered":"<p>Riapre dopo sei mesi<a href=\"http:\/\/www.nuovasocieta.it\/\"> Nuova Societ\u00e0<\/a> ora solo ed esclusivamente on-line<\/p>\n<blockquote><p>Scusate il ritardo. Sei mesi fa ci eravamo lasciati, sull&#8217;ultimo numero della nostra rivista cartacea \u201cNuovasociet\u00e0\u201d, con una promessa: a presto. Bene, eccoci di nuovo con una veste, anche lei, completamente e volutamente diversa dal passato. Dalle pagine scritte e distribuite nelle edicole a quelle tecnologicamente pi\u00f9 avanzate le quali ci consentiranno di rivolgerci ad una platea globale e, soprattutto, alla fascia di giovani che del web hanno ormai fatto strumento di lavoro e di informazione quotidiana.<\/p>\n<p><!--more--><\/p>\n<p>Ma se abbiamo voluto cambiare il contenitore non per questo sono mutate le nostre idee e il nostro desiderio di produrre comunicazione con una finalit\u00e0 ben precisa: indicare e interpretare la realt\u00e0 per poterla modificare. Senza peli sulla lingua, come si dice, e privi di quelle catene che, sempe pi\u00f9 strette, rendono prigioniero quasi tutto il movimento mediatico di questo nostro strano e bizzarro Paese. Da oggi, giorno dopo giorno e ci auguriamo per moltissimo tempo, vogliamo proporci come i vostri compagni di viaggio ideali e solidali tutti insieme verso il traguardo della verit\u00e0 o perlomeno del bene comune.<\/p>\n<p>Su \u201cNuovasociat\u00e0\u201d dunque troverete di tutto e di pi\u00f9, ma sopratutto quello che gli altri non dicono perch\u00e8 non possono o non vogliono dire. Eccoci, dunque, dalla parte della gente. Della brava gente. Perch\u00e8 noi, come voi, siamo la gente. Ecco il nostro \u201cdocumento\u201d che riteniamo sacro. Forza, allora. Seguiteci, consigliateci, partecipate e denunciate. La porta di \u201cNuovasociet\u00e0\u201d sar\u00e0 sempre aperta e per varcarla non ci sar\u00e0 manco bisogno di bussare, baster\u00e0 farlo con educazione e con amore per questo nostro mondo che sta soffrendo per una grave malattia chiamata indifferenza.<\/p><\/blockquote>\n","protected":false},"excerpt":{"rendered":"<p>Riapre dopo sei mesi Nuova Societ\u00e0 ora solo ed esclusivamente on-line Scusate il ritardo. Sei mesi fa ci eravamo lasciati, sull&#8217;ultimo numero della nostra rivista cartacea \u201cNuovasociet\u00e0\u201d, con una promessa: a presto. Bene, eccoci di nuovo con una veste, anche lei, completamente e volutamente diversa dal passato. Dalle pagine scritte e distribuite nelle edicole a &#8230; <a title=\"Riparte Nuova Societ\u00e0\" class=\"read-more\" href=\"https:\/\/www.pasteris.it\/blog\/2009\/02\/14\/riparte-nuova-societa\/\" aria-label=\"Per saperne di pi\u00f9 su Riparte Nuova Societ\u00e0\">Leggi tutto<\/a><\/p>\n","protected":false},"author":4,"featured_media":0,"comment_status":"open","ping_status":"open","sticky":false,"template":"","format":"standard","meta":{"footnotes":""},"categories":[424],"tags":[2293,2416,1486],"class_list":["post-8625","post","type-post","status-publish","format-standard","hentry","category-personale","tag-nuova","tag-riparte","tag-societa"],"_links":{"self":[{"href":"https:\/\/www.pasteris.it\/blog\/wp-json\/wp\/v2\/posts\/8625","targetHints":{"allow":["GET"]}}],"collection":[{"href":"https:\/\/www.pasteris.it\/blog\/wp-json\/wp\/v2\/posts"}],"about":[{"href":"https:\/\/www.pasteris.it\/blog\/wp-json\/wp\/v2\/types\/post"}],"author":[{"embeddable":true,"href":"https:\/\/www.pasteris.it\/blog\/wp-json\/wp\/v2\/users\/4"}],"replies":[{"embeddable":true,"href":"https:\/\/www.pasteris.it\/blog\/wp-json\/wp\/v2\/comments?post=8625"}],"version-history":[{"count":2,"href":"https:\/\/www.pasteris.it\/blog\/wp-json\/wp\/v2\/posts\/8625\/revisions"}],"predecessor-version":[{"id":8627,"href":"https:\/\/www.pasteris.it\/blog\/wp-json\/wp\/v2\/posts\/8625\/revisions\/8627"}],"wp:attachment":[{"href":"https:\/\/www.pasteris.it\/blog\/wp-json\/wp\/v2\/media?parent=8625"}],"wp:term":[{"taxonomy":"category","embeddable":true,"href":"https:\/\/www.pasteris.it\/blog\/wp-json\/wp\/v2\/categories?post=8625"},{"taxonomy":"post_tag","embeddable":true,"href":"https:\/\/www.pasteris.it\/blog\/wp-json\/wp\/v2\/tags?post=8625"}],"curies":[{"name":"wp","href":"https:\/\/api.w.org\/{rel}","templated":true}]}}