{"id":8653,"date":"2009-02-19T08:56:51","date_gmt":"2009-02-19T07:56:51","guid":{"rendered":"http:\/\/www.pasteris.it\/blog\/?p=8653"},"modified":"2009-02-17T12:03:13","modified_gmt":"2009-02-17T11:03:13","slug":"arvedze-a-giobia-n-bot","status":"publish","type":"post","link":"https:\/\/www.pasteris.it\/blog\/2009\/02\/19\/arvedze-a-giobia-n-bot\/","title":{"rendered":"Arvedze a giobia &#8216;n bot"},"content":{"rendered":"<p>&#8220;<em>Arvedze a giobia &#8216;n bot<\/em>&#8221; in italiano &#8220;<em>arrivederci a gioved\u00ec all&#8217;una<\/em>&#8221;<\/p>\n<p>era il saluto con cui ci si era lasciati lo scorso anno a Ivrea alla fine del Carnevale.<\/p>\n<p>Oggi \u00e8 arrivato il gioved\u00ec e il <a href=\"http:\/\/news.carnevalediivrea.it\/\">Carnevale<\/a> riparte a Ivrea fino a marted\u00ec prossimo<br \/>\n<object width=\"425\" height=\"344\" data=\"http:\/\/www.youtube.com\/v\/HiXi7HU3CUw&amp;hl=it&amp;fs=1&amp;rel=0\" type=\"application\/x-shockwave-flash\"><param name=\"allowFullScreen\" value=\"true\" \/><param name=\"allowscriptaccess\" value=\"always\" \/><param name=\"src\" value=\"http:\/\/www.youtube.com\/v\/HiXi7HU3CUw&amp;hl=it&amp;fs=1&amp;rel=0\" \/><param name=\"allowfullscreen\" value=\"true\" \/><\/object><\/p>\n","protected":false},"excerpt":{"rendered":"<p>&#8220;Arvedze a giobia &#8216;n bot&#8221; in italiano &#8220;arrivederci a gioved\u00ec all&#8217;una&#8221; era il saluto con cui ci si era lasciati lo scorso anno a Ivrea alla fine del Carnevale. Oggi \u00e8 arrivato il gioved\u00ec e il Carnevale riparte a Ivrea fino a marted\u00ec prossimo<\/p>\n","protected":false},"author":4,"featured_media":0,"comment_status":"open","ping_status":"open","sticky":false,"template":"","format":"standard","meta":{"footnotes":""},"categories":[28,14],"tags":[693,189],"class_list":["post-8653","post","type-post","status-publish","format-standard","hentry","category-eventi","category-torino","tag-carnevale","tag-ivrea"],"_links":{"self":[{"href":"https:\/\/www.pasteris.it\/blog\/wp-json\/wp\/v2\/posts\/8653","targetHints":{"allow":["GET"]}}],"collection":[{"href":"https:\/\/www.pasteris.it\/blog\/wp-json\/wp\/v2\/posts"}],"about":[{"href":"https:\/\/www.pasteris.it\/blog\/wp-json\/wp\/v2\/types\/post"}],"author":[{"embeddable":true,"href":"https:\/\/www.pasteris.it\/blog\/wp-json\/wp\/v2\/users\/4"}],"replies":[{"embeddable":true,"href":"https:\/\/www.pasteris.it\/blog\/wp-json\/wp\/v2\/comments?post=8653"}],"version-history":[{"count":1,"href":"https:\/\/www.pasteris.it\/blog\/wp-json\/wp\/v2\/posts\/8653\/revisions"}],"predecessor-version":[{"id":8654,"href":"https:\/\/www.pasteris.it\/blog\/wp-json\/wp\/v2\/posts\/8653\/revisions\/8654"}],"wp:attachment":[{"href":"https:\/\/www.pasteris.it\/blog\/wp-json\/wp\/v2\/media?parent=8653"}],"wp:term":[{"taxonomy":"category","embeddable":true,"href":"https:\/\/www.pasteris.it\/blog\/wp-json\/wp\/v2\/categories?post=8653"},{"taxonomy":"post_tag","embeddable":true,"href":"https:\/\/www.pasteris.it\/blog\/wp-json\/wp\/v2\/tags?post=8653"}],"curies":[{"name":"wp","href":"https:\/\/api.w.org\/{rel}","templated":true}]}}