{"id":8756,"date":"2009-02-20T13:04:21","date_gmt":"2009-02-20T12:04:21","guid":{"rendered":"http:\/\/www.pasteris.it\/blog\/?p=8756"},"modified":"2009-02-20T13:04:21","modified_gmt":"2009-02-20T12:04:21","slug":"e-se-votare-in-massa-pdl-servisse-a-creare-una-discontinuita-necessaria","status":"publish","type":"post","link":"https:\/\/www.pasteris.it\/blog\/2009\/02\/20\/e-se-votare-in-massa-pdl-servisse-a-creare-una-discontinuita-necessaria\/","title":{"rendered":"E se votare in massa PdL servisse a creare una discontinuit\u00e0 necessaria ?"},"content":{"rendered":"<p>Facciamoci del male &#8211; direbbe Nanni Moretti &#8211; Ma facciamolo fino in fondo e a fin di bene &#8211; aggiungiamo noi poveri cittadini oramai orfani di una opposizione all&#8217;altezza della situazione.<\/p>\n<p>Tentiamo una nuova strategia: alle prossime elezioni europee votiamo in massa il Partito delle Libert\u00e0. Voi penserete: siete impazziti ? Assolutamente no !<\/p>\n<p>Ci sono delle prospettive strategiche per una idea del genere:<\/p>\n<p>1) Tanto Berlusconi e i berluscones vinceranno comunque: non si possono fare troppi danni in questo momento peggio di cosi difficilmente pu\u00f2 andare<\/p>\n<p>2) I leader dell&#8217;PD trovandosi di fronte a una percentuale a loro favore speriamo ai livelli inferiori al 10% non avranno pi\u00f9 la faccia di presentarsi: dimissione di massa come i lemming che si buttano nel mare.<\/p>\n<p>Un rinnovamento forzoso e doloroso, ma necessario. Oramai lo scollamento fra la cosiddetta classe dirigente e la gente o la cosiddetta base pare irreversibile. Loro pensano e agiscono secondo il passato remoto, difendono i loro giochini, non pensano a chi li ha votati e spera in un cambiamento.<\/p>\n<p>Tangentopoli cre\u00f2 una discontinuit\u00e0, ora ce ne vorrebbe un&#8217;altra (non necessariamente di tangentopoli, ma di discontinuit\u00e0). In qualche modo bisogna inventarsi qualcosa. O no ?<\/p>\n<p>Viste le ultime esperienze l&#8217;unica via d&#8217;uscita per l&#8217;Italia \u00e8 un &#8220;solo morendo rinasceremo\u00a3 <\/p>\n","protected":false},"excerpt":{"rendered":"<p>Facciamoci del male &#8211; direbbe Nanni Moretti &#8211; Ma facciamolo fino in fondo e a fin di bene &#8211; aggiungiamo noi poveri cittadini oramai orfani di una opposizione all&#8217;altezza della situazione. Tentiamo una nuova strategia: alle prossime elezioni europee votiamo in massa il Partito delle Libert\u00e0. Voi penserete: siete impazziti ? Assolutamente no ! Ci &#8230; <a title=\"E se votare in massa PdL servisse a creare una discontinuit\u00e0 necessaria ?\" class=\"read-more\" href=\"https:\/\/www.pasteris.it\/blog\/2009\/02\/20\/e-se-votare-in-massa-pdl-servisse-a-creare-una-discontinuita-necessaria\/\" aria-label=\"Per saperne di pi\u00f9 su E se votare in massa PdL servisse a creare una discontinuit\u00e0 necessaria ?\">Leggi tutto<\/a><\/p>\n","protected":false},"author":4,"featured_media":0,"comment_status":"open","ping_status":"open","sticky":false,"template":"","format":"standard","meta":{"footnotes":""},"categories":[1,32],"tags":[69,700,264],"class_list":["post-8756","post","type-post","status-publish","format-standard","hentry","category-politica","category-pensieri","tag-berlusconi","tag-opposizione","tag-partito-democratico"],"_links":{"self":[{"href":"https:\/\/www.pasteris.it\/blog\/wp-json\/wp\/v2\/posts\/8756","targetHints":{"allow":["GET"]}}],"collection":[{"href":"https:\/\/www.pasteris.it\/blog\/wp-json\/wp\/v2\/posts"}],"about":[{"href":"https:\/\/www.pasteris.it\/blog\/wp-json\/wp\/v2\/types\/post"}],"author":[{"embeddable":true,"href":"https:\/\/www.pasteris.it\/blog\/wp-json\/wp\/v2\/users\/4"}],"replies":[{"embeddable":true,"href":"https:\/\/www.pasteris.it\/blog\/wp-json\/wp\/v2\/comments?post=8756"}],"version-history":[{"count":1,"href":"https:\/\/www.pasteris.it\/blog\/wp-json\/wp\/v2\/posts\/8756\/revisions"}],"predecessor-version":[{"id":8757,"href":"https:\/\/www.pasteris.it\/blog\/wp-json\/wp\/v2\/posts\/8756\/revisions\/8757"}],"wp:attachment":[{"href":"https:\/\/www.pasteris.it\/blog\/wp-json\/wp\/v2\/media?parent=8756"}],"wp:term":[{"taxonomy":"category","embeddable":true,"href":"https:\/\/www.pasteris.it\/blog\/wp-json\/wp\/v2\/categories?post=8756"},{"taxonomy":"post_tag","embeddable":true,"href":"https:\/\/www.pasteris.it\/blog\/wp-json\/wp\/v2\/tags?post=8756"}],"curies":[{"name":"wp","href":"https:\/\/api.w.org\/{rel}","templated":true}]}}