{"id":8780,"date":"2009-02-21T15:21:47","date_gmt":"2009-02-21T14:21:47","guid":{"rendered":"http:\/\/www.pasteris.it\/blog\/?p=8780"},"modified":"2009-02-22T10:08:55","modified_gmt":"2009-02-22T09:08:55","slug":"blogbar-con-anteprima-di-stampa","status":"publish","type":"post","link":"https:\/\/www.pasteris.it\/blog\/2009\/02\/21\/blogbar-con-anteprima-di-stampa\/","title":{"rendered":"Blogbar con anteprima di stampa"},"content":{"rendered":"<p><img loading=\"lazy\" decoding=\"async\" class=\"alignright\" title=\"blomagazine\" src=\"http:\/\/farm4.static.flickr.com\/3330\/3297572214_424b252476.jpg?v=1235224619\" alt=\"\" width=\"250\" height=\"334\" \/>Piacevolissima mattinata alla <a href=\"http:\/\/maps.google.it\/?ie=UTF8&amp;ll=45.068785,7.683789&amp;spn=0.003251,0.007038&amp;z=17&amp;om=1\">Fnac di Torino<\/a> per il <a href=\"http:\/\/agora.torinovalley.com\/blogbar\/2009\/01\/30\/farsi-un-blog-e-gestirlo-al-meglio-gli-ospiti-di-blogbar\/\">Blogbar dedicato ai blog e ai blogger<\/a>.<\/p>\n<p>Insieme alle chiacchierate intorno al mondo blog com  <a href=\"http:\/\/web.mac.com\/emanuele.m\/emanuelemenietti\/Benvenuto.html\">Emanuele<\/a>, <a href=\"http:\/\/www.davidesalerno.net\/\">Davide<\/a> , <a href=\"http:\/\/antoniocracas.blog.lastampa.it\/\">Antonio<\/a>, e <a href=\"http:\/\/www.juliusdesign.net\/\">Giuliano<\/a>.<\/p>\n<p>Alla fine dell&#8217;incontro c&#8217;\u00e8 stata la presentazione in anteprima di <a href=\"http:\/\/www.blogmagazine.net\/\">BlogMagazine<\/a> l&#8217;ottimo giornale digitale che partir\u00e0 luned\u00ec prossimo, che era presente in versione cartacea al Blogbar.<\/p>\n<p>In bocca al lupo !!!<\/p>\n<p><a href=\"http:\/\/agora.torinovalley.com\/blogbar\/2009\/02\/21\/laudio-del-blogbar-del-21-febbraio\/\">Qui<\/a> la registrazione audio della mattinata<\/p>\n<p>Il video<\/p>\n<p><object width=\"480\" height=\"295\"><param name=\"movie\" value=\"http:\/\/www.youtube.com\/v\/q0g_q_lxBeg&#038;hl=it&#038;fs=1\"><\/param><param name=\"allowFullScreen\" value=\"true\"><\/param><param name=\"allowscriptaccess\" value=\"always\"><\/param><embed src=\"http:\/\/www.youtube.com\/v\/q0g_q_lxBeg&#038;hl=it&#038;fs=1\" type=\"application\/x-shockwave-flash\" allowscriptaccess=\"always\" allowfullscreen=\"true\" width=\"480\" height=\"295\"><\/embed><\/object><\/p>\n","protected":false},"excerpt":{"rendered":"<p>Piacevolissima mattinata alla Fnac di Torino per il Blogbar dedicato ai blog e ai blogger. Insieme alle chiacchierate intorno al mondo blog com Emanuele, Davide , Antonio, e Giuliano. Alla fine dell&#8217;incontro c&#8217;\u00e8 stata la presentazione in anteprima di BlogMagazine l&#8217;ottimo giornale digitale che partir\u00e0 luned\u00ec prossimo, che era presente in versione cartacea al Blogbar. &#8230; <a title=\"Blogbar con anteprima di stampa\" class=\"read-more\" href=\"https:\/\/www.pasteris.it\/blog\/2009\/02\/21\/blogbar-con-anteprima-di-stampa\/\" aria-label=\"Per saperne di pi\u00f9 su Blogbar con anteprima di stampa\">Leggi tutto<\/a><\/p>\n","protected":false},"author":4,"featured_media":0,"comment_status":"open","ping_status":"open","sticky":false,"template":"","format":"standard","meta":{"footnotes":""},"categories":[10,28,14],"tags":[2157,75,641],"class_list":["post-8780","post","type-post","status-publish","format-standard","hentry","category-blog","category-eventi","category-torino","tag-blog","tag-blogbar","tag-blogmagazine"],"_links":{"self":[{"href":"https:\/\/www.pasteris.it\/blog\/wp-json\/wp\/v2\/posts\/8780","targetHints":{"allow":["GET"]}}],"collection":[{"href":"https:\/\/www.pasteris.it\/blog\/wp-json\/wp\/v2\/posts"}],"about":[{"href":"https:\/\/www.pasteris.it\/blog\/wp-json\/wp\/v2\/types\/post"}],"author":[{"embeddable":true,"href":"https:\/\/www.pasteris.it\/blog\/wp-json\/wp\/v2\/users\/4"}],"replies":[{"embeddable":true,"href":"https:\/\/www.pasteris.it\/blog\/wp-json\/wp\/v2\/comments?post=8780"}],"version-history":[{"count":4,"href":"https:\/\/www.pasteris.it\/blog\/wp-json\/wp\/v2\/posts\/8780\/revisions"}],"predecessor-version":[{"id":8782,"href":"https:\/\/www.pasteris.it\/blog\/wp-json\/wp\/v2\/posts\/8780\/revisions\/8782"}],"wp:attachment":[{"href":"https:\/\/www.pasteris.it\/blog\/wp-json\/wp\/v2\/media?parent=8780"}],"wp:term":[{"taxonomy":"category","embeddable":true,"href":"https:\/\/www.pasteris.it\/blog\/wp-json\/wp\/v2\/categories?post=8780"},{"taxonomy":"post_tag","embeddable":true,"href":"https:\/\/www.pasteris.it\/blog\/wp-json\/wp\/v2\/tags?post=8780"}],"curies":[{"name":"wp","href":"https:\/\/api.w.org\/{rel}","templated":true}]}}