{"id":8806,"date":"2009-02-23T13:40:48","date_gmt":"2009-02-23T12:40:48","guid":{"rendered":"http:\/\/www.pasteris.it\/blog\/?p=8806"},"modified":"2009-02-23T13:40:48","modified_gmt":"2009-02-23T12:40:48","slug":"il-low-cost-sbarca-in-redazione","status":"publish","type":"post","link":"https:\/\/www.pasteris.it\/blog\/2009\/02\/23\/il-low-cost-sbarca-in-redazione\/","title":{"rendered":"Il low cost sbarca in redazione"},"content":{"rendered":"<p><a href=\"http:\/\/www.lsdi.it\/2009\/02\/22\/se-il-low-cost-sbarca-in-redazione\/\">Via LSDI<\/a><\/p>\n<blockquote><p>Una redazione da \u2018\u2019Tempi moderni\u2019\u2019, una<em>News Factory<\/em>, una \u201dfabbrica dell\u2019 informazione\u201d, come si dice, che inietta notizie  sportive nei quotidiani <em>La Tribune <\/em>e <em>Le 10 Sport,<\/em> le radio RMC e BFM e presto la rete BFM TV. Un laboratorio a grandezza naturale, che non si sa ancora se sia il precursore di un nuovo giornalismo moderno ed efficace oppure il promotore di una informazione a basso prezzo e a buon mercato.<\/p>\n<p>\u2018\u2019Al ribasso?\u2019\u2019. Nel suo ufficio parigino, il fondatore di NextRadioTv, occhialini e spilla della Legion d\u2019 onore sul risvolto della giacca, sospira. Alain Weill non \u00e8 un giornalista-padrone come Jean-Francois Kahn, n\u00e9 un capitano d\u2019 industria come Arnaud Lagard\u00e8re, e ancor meno un rappresentante di qualche oscuro fondo pensioni americano. E\u2019 un imprenditore, passato attraverso la radio NRJ e attraverso Sodexho, mosso da una certezza piuttosto rara di questi tempi: i media, possono essere redditizi. Basta riorganizzarli. Cio\u00e8 sviluppare sinergie, collegarli gli uni agli altri, industrializzare i processi. \u2018\u2019<em>L\u2019  informazione \u00e8 un prodotto marketing come un altro<\/em>\u2019\u2019, ama ricordare. Il suo  modello \u00e8 il <em>low cost<\/em>.<\/p>\n<p>Ma attenzione precisa con una sua vocina  tranquilla: \u2018\u2019C\u2019 \u00e8 un po\u2019 di disprezzo attorno a questo concetto: noi siamo <strong>low cost <\/strong>perch\u00e9 siamo gli ultimi arrivati in un settore sottoposto a una fase di frattura tecnologica. Non soffriamo delle stesse pesantezze organizzative e produttive dei vecchi media. Siamo quindi pi\u00f9 competitivi. Ma low cost non significa assenza di qualit\u00e0! Per caso si dice che Easy-Jet non \u00e8 una compagnia di qualit\u00e0 solo perch\u00e9 non funziona come le compagnie aeree tradizionali?\u2019\u2019.<br \/>\n\u2018\u2019Qualit\u00e0\u2019\u2019: Alain Weill impiegher\u00e0 questa parola una buona trentina di volte durante la nostra intervista. Ma anche, molto, la parola \u2018\u2019pragmatismo\u2019\u2019.<\/p><\/blockquote>\n","protected":false},"excerpt":{"rendered":"<p>Via LSDI Una redazione da \u2018\u2019Tempi moderni\u2019\u2019, unaNews Factory, una \u201dfabbrica dell\u2019 informazione\u201d, come si dice, che inietta notizie sportive nei quotidiani La Tribune e Le 10 Sport, le radio RMC e BFM e presto la rete BFM TV. Un laboratorio a grandezza naturale, che non si sa ancora se sia il precursore di un &#8230; <a title=\"Il low cost sbarca in redazione\" class=\"read-more\" href=\"https:\/\/www.pasteris.it\/blog\/2009\/02\/23\/il-low-cost-sbarca-in-redazione\/\" aria-label=\"Per saperne di pi\u00f9 su Il low cost sbarca in redazione\">Leggi tutto<\/a><\/p>\n","protected":false},"author":4,"featured_media":0,"comment_status":"open","ping_status":"open","sticky":false,"template":"","format":"standard","meta":{"footnotes":""},"categories":[6,30],"tags":[159,161,210],"class_list":["post-8806","post","type-post","status-publish","format-standard","hentry","category-internet","category-media","tag-giornali","tag-giornalisti","tag-lsdi"],"_links":{"self":[{"href":"https:\/\/www.pasteris.it\/blog\/wp-json\/wp\/v2\/posts\/8806","targetHints":{"allow":["GET"]}}],"collection":[{"href":"https:\/\/www.pasteris.it\/blog\/wp-json\/wp\/v2\/posts"}],"about":[{"href":"https:\/\/www.pasteris.it\/blog\/wp-json\/wp\/v2\/types\/post"}],"author":[{"embeddable":true,"href":"https:\/\/www.pasteris.it\/blog\/wp-json\/wp\/v2\/users\/4"}],"replies":[{"embeddable":true,"href":"https:\/\/www.pasteris.it\/blog\/wp-json\/wp\/v2\/comments?post=8806"}],"version-history":[{"count":2,"href":"https:\/\/www.pasteris.it\/blog\/wp-json\/wp\/v2\/posts\/8806\/revisions"}],"predecessor-version":[{"id":8808,"href":"https:\/\/www.pasteris.it\/blog\/wp-json\/wp\/v2\/posts\/8806\/revisions\/8808"}],"wp:attachment":[{"href":"https:\/\/www.pasteris.it\/blog\/wp-json\/wp\/v2\/media?parent=8806"}],"wp:term":[{"taxonomy":"category","embeddable":true,"href":"https:\/\/www.pasteris.it\/blog\/wp-json\/wp\/v2\/categories?post=8806"},{"taxonomy":"post_tag","embeddable":true,"href":"https:\/\/www.pasteris.it\/blog\/wp-json\/wp\/v2\/tags?post=8806"}],"curies":[{"name":"wp","href":"https:\/\/api.w.org\/{rel}","templated":true}]}}