{"id":8944,"date":"2009-02-28T10:08:54","date_gmt":"2009-02-28T09:08:54","guid":{"rendered":"http:\/\/www.pasteris.it\/blog\/?p=8944"},"modified":"2009-02-28T12:11:31","modified_gmt":"2009-02-28T11:11:31","slug":"anche-poletto-fa-il-blogger","status":"publish","type":"post","link":"https:\/\/www.pasteris.it\/blog\/2009\/02\/28\/anche-poletto-fa-il-blogger\/","title":{"rendered":"Anche Poletto fa il blogger"},"content":{"rendered":"<p>Maria Teresa Martinengo <a href=\"http:\/\/www.lastampa.it\/Torino\/cmsSezioni\/costume\/200902articoli\/9637girata.asp\">su LaStampa.it<\/a><\/p>\n<blockquote><p>I tempi cambiano e l\u2019arcivescovo diventa \u00abblogger\u00bb. \u00c8 \u00abIl tesoro nel campo\u00bb, blog della comunit\u00e0 del Seminario Maggiore diocesano (in <a class=\"LINKBLU\" href=\"http:\/\/www.iltesoro.org\/\" target=\"_new\"><strong>www.iltesoro.org<\/strong><\/a>) ad arricchirsi del contributo del cardinale Poletto.<br \/>\n&#8230;<br \/>\nCome \u00abblogger\u00bb il cardinale ha un suo profilo con foto e breve biografia; pubblicher\u00e0 a cadenza settimanale, legger\u00e0 i commenti e potr\u00e0 rispondere. Gli interventi saranno etichettati con il tag \u00abepiscopost\u00bb.<\/p><\/blockquote>\n<p><a href=\"http:\/\/www.blogger.com\/profile\/08243739777287881428\">Dal profilo in blogger.com di Poletto<\/a><\/p>\n<blockquote><p>Carissimi, non avrei mai creduto di diventare alla mia et\u00e0 un blogger, ma nella mia lunga storia di prete e di vescovo ho sempre avuto la preoccupazione di annunciare Cristo e oggi ho l&#8217;occasione di farlo anche in questo &#8220;ambiente&#8221;, ormai molto frequentato.<\/p>\n<p>&#8230;<br \/>\nSpero che avremo modo di conoscerci e di dialogare anche attraverso questa finestra sul web. Buon cammino a tutti!<\/p><\/blockquote>\n","protected":false},"excerpt":{"rendered":"<p>Maria Teresa Martinengo su LaStampa.it I tempi cambiano e l\u2019arcivescovo diventa \u00abblogger\u00bb. \u00c8 \u00abIl tesoro nel campo\u00bb, blog della comunit\u00e0 del Seminario Maggiore diocesano (in www.iltesoro.org) ad arricchirsi del contributo del cardinale Poletto. &#8230; Come \u00abblogger\u00bb il cardinale ha un suo profilo con foto e breve biografia; pubblicher\u00e0 a cadenza settimanale, legger\u00e0 i commenti e &#8230; <a title=\"Anche Poletto fa il blogger\" class=\"read-more\" href=\"https:\/\/www.pasteris.it\/blog\/2009\/02\/28\/anche-poletto-fa-il-blogger\/\" aria-label=\"Per saperne di pi\u00f9 su Anche Poletto fa il blogger\">Leggi tutto<\/a><\/p>\n","protected":false},"author":4,"featured_media":0,"comment_status":"open","ping_status":"open","sticky":false,"template":"","format":"standard","meta":{"footnotes":""},"categories":[10,14],"tags":[2157,2160,602],"class_list":["post-8944","post","type-post","status-publish","format-standard","hentry","category-blog","category-torino","tag-blog","tag-torino","tag-poletto"],"_links":{"self":[{"href":"https:\/\/www.pasteris.it\/blog\/wp-json\/wp\/v2\/posts\/8944","targetHints":{"allow":["GET"]}}],"collection":[{"href":"https:\/\/www.pasteris.it\/blog\/wp-json\/wp\/v2\/posts"}],"about":[{"href":"https:\/\/www.pasteris.it\/blog\/wp-json\/wp\/v2\/types\/post"}],"author":[{"embeddable":true,"href":"https:\/\/www.pasteris.it\/blog\/wp-json\/wp\/v2\/users\/4"}],"replies":[{"embeddable":true,"href":"https:\/\/www.pasteris.it\/blog\/wp-json\/wp\/v2\/comments?post=8944"}],"version-history":[{"count":3,"href":"https:\/\/www.pasteris.it\/blog\/wp-json\/wp\/v2\/posts\/8944\/revisions"}],"predecessor-version":[{"id":8946,"href":"https:\/\/www.pasteris.it\/blog\/wp-json\/wp\/v2\/posts\/8944\/revisions\/8946"}],"wp:attachment":[{"href":"https:\/\/www.pasteris.it\/blog\/wp-json\/wp\/v2\/media?parent=8944"}],"wp:term":[{"taxonomy":"category","embeddable":true,"href":"https:\/\/www.pasteris.it\/blog\/wp-json\/wp\/v2\/categories?post=8944"},{"taxonomy":"post_tag","embeddable":true,"href":"https:\/\/www.pasteris.it\/blog\/wp-json\/wp\/v2\/tags?post=8944"}],"curies":[{"name":"wp","href":"https:\/\/api.w.org\/{rel}","templated":true}]}}